{"id":147200,"date":"2020-01-18T07:48:42","date_gmt":"2020-01-18T10:48:42","guid":{"rendered":"http:\/\/www.caririemacao.com\/1\/?p=147200"},"modified":"2020-01-18T07:48:42","modified_gmt":"2020-01-18T10:48:42","slug":"policiais-civis-e-militares-ameacam-entrar-em-greve-na-paraiba","status":"publish","type":"post","link":"https:\/\/www.caririemacao.com\/1\/2020\/01\/18\/policiais-civis-e-militares-ameacam-entrar-em-greve-na-paraiba\/","title":{"rendered":"Policiais civis e militares amea\u00e7am entrar em greve na Para\u00edba"},"content":{"rendered":"\n<p> O governo de Jo\u00e3o Azevedo pode passar pela primeira greve geral unificada dos servidores da seguran\u00e7a p\u00fablica. Na manh\u00e3 desta sexta-feira (17), representantes do F\u00f3rum das Entidades das Pol\u00edcias Civil e Militar da Para\u00edba, composto por 14 entidades, foram recebidos pela equipe econ\u00f4mica do Governo do Estado, por\u00e9m n\u00e3o houve avalia\u00e7\u00e3o da proposta de subs\u00eddio e m\u00e9dia salarial do Nordeste apresentada em dezembro de 2019. Insatisfeitos, os sindicalistas sa\u00edram da reuni\u00e3o anunciando que uma greve \u00e9 poss\u00edvel.<\/p>\n\n\n\n<p>Os representantes das entidades foram recebidos pela equipe t\u00e9cnica do Governo do Estado que, al\u00e9m de n\u00e3o avaliar a 2\u00aa proposta de pagamento de subs\u00eddios entregue em dezembro de 2019, propuseram um reajuste de 5% para todos os servidores, o que n\u00e3o foi aceito pelos sindicalistas, que alegaram que a cobran\u00e7a da previd\u00eancia retirar\u00e1 3% do proposto aumento.<\/p>\n\n\n\n<p>Nas primeiras semanas de janeiro de 2020, ap\u00f3s uma reuni\u00e3o de avalia\u00e7\u00e3o, os representantes do F\u00f3rum decidiram por uma Assembleia Geral Unificada para dia 5 de fevereiro j\u00e1 com a inten\u00e7\u00e3o de esperar a resposta do Governo do Estado. Como a proposta n\u00e3o foi avaliada pela equipe de Jo\u00e3o Azevedo, as 14 entidades estudam a possibilidade de greve geral.<\/p>\n\n\n\n<p>\u201cMarcamos uma Assembleia Geral para fevereiro porque acreditamos no di\u00e1logo. N\u00e3o \u00e9 poss\u00edvel que depois de tanto fazermos pela sociedade paraibana, com 8 anos consecutivos de&nbsp; redu\u00e7\u00e3o de criminalidade, o Governo n\u00e3o fa\u00e7a o que os outros estados do Nordeste j\u00e1 fizeram, que \u00e9 pagar dignamente o policial militar e civil. Estamos pedindo apenas uma m\u00e9dia salarial fracionada at\u00e9 2022\u201d, afirma Steferson Nogueira, presidente da Associa\u00e7\u00e3o de Defesa das Prerrogativas dos Delegados de Pol\u00edcia da Para\u00edba (Adepdel).<\/p>\n\n\n\n<h2 class=\"wp-block-heading\">Constitui\u00e7\u00e3o<\/h2>\n\n\n\n<p>As entidades discutem o subs\u00eddio da categoria, previsto na Constitui\u00e7\u00e3o Federal. O F\u00f3rum foi criado em maio de 2019 para unificar os pleitos. Ap\u00f3s a negativa, por parte do Governo do Estado, da 1\u00aa proposta enviada pelo F\u00f3rum, uma 2\u00aa proposta foi redigida em dezembro de 2019 e tamb\u00e9m continua sem a avalia\u00e7\u00e3o do Governo. Os servidores alegam receber o pior sal\u00e1rio do Nordeste.<\/p>\n\n\n\n<p><em>Portal Correio<\/em><\/p>\n","protected":false},"excerpt":{"rendered":"<p>O governo de Jo\u00e3o Azevedo pode passar pela primeira greve geral unificada dos servidores da seguran\u00e7a p\u00fablica. Na manh\u00e3 desta sexta-feira (17), representantes do F\u00f3rum&hellip; <\/p>\n","protected":false},"author":1,"featured_media":147201,"comment_status":"closed","ping_status":"closed","sticky":false,"template":"","format":"standard","meta":{"sfsi_plus_gutenberg_text_before_share":"","sfsi_plus_gutenberg_show_text_before_share":"","sfsi_plus_gutenberg_icon_type":"","sfsi_plus_gutenberg_icon_alignemt":"","sfsi_plus_gutenburg_max_per_row":"","footnotes":""},"categories":[12],"tags":[],"class_list":["post-147200","post","type-post","status-publish","format-standard","has-post-thumbnail","hentry","category-policia"],"_links":{"self":[{"href":"https:\/\/www.caririemacao.com\/1\/wp-json\/wp\/v2\/posts\/147200","targetHints":{"allow":["GET"]}}],"collection":[{"href":"https:\/\/www.caririemacao.com\/1\/wp-json\/wp\/v2\/posts"}],"about":[{"href":"https:\/\/www.caririemacao.com\/1\/wp-json\/wp\/v2\/types\/post"}],"author":[{"embeddable":true,"href":"https:\/\/www.caririemacao.com\/1\/wp-json\/wp\/v2\/users\/1"}],"replies":[{"embeddable":true,"href":"https:\/\/www.caririemacao.com\/1\/wp-json\/wp\/v2\/comments?post=147200"}],"version-history":[{"count":1,"href":"https:\/\/www.caririemacao.com\/1\/wp-json\/wp\/v2\/posts\/147200\/revisions"}],"predecessor-version":[{"id":147202,"href":"https:\/\/www.caririemacao.com\/1\/wp-json\/wp\/v2\/posts\/147200\/revisions\/147202"}],"wp:featuredmedia":[{"embeddable":true,"href":"https:\/\/www.caririemacao.com\/1\/wp-json\/wp\/v2\/media\/147201"}],"wp:attachment":[{"href":"https:\/\/www.caririemacao.com\/1\/wp-json\/wp\/v2\/media?parent=147200"}],"wp:term":[{"taxonomy":"category","embeddable":true,"href":"https:\/\/www.caririemacao.com\/1\/wp-json\/wp\/v2\/categories?post=147200"},{"taxonomy":"post_tag","embeddable":true,"href":"https:\/\/www.caririemacao.com\/1\/wp-json\/wp\/v2\/tags?post=147200"}],"curies":[{"name":"wp","href":"https:\/\/api.w.org\/{rel}","templated":true}]}}