{"id":147205,"date":"2020-01-18T07:50:52","date_gmt":"2020-01-18T10:50:52","guid":{"rendered":"http:\/\/www.caririemacao.com\/1\/?p=147205"},"modified":"2020-01-18T07:50:52","modified_gmt":"2020-01-18T10:50:52","slug":"dpvat-seguradora-diz-ja-ter-recebido-quase-400-mil-pedidos-de-restituicao","status":"publish","type":"post","link":"https:\/\/www.caririemacao.com\/1\/2020\/01\/18\/dpvat-seguradora-diz-ja-ter-recebido-quase-400-mil-pedidos-de-restituicao\/","title":{"rendered":"Dpvat: seguradora diz j\u00e1 ter recebido quase 400 mil pedidos de restitui\u00e7\u00e3o"},"content":{"rendered":"\n<p> A Seguradora L\u00edder, respons\u00e1vel pela gest\u00e3o do seguro Dpvat 2020 (sigla de Danos Pessoais por Ve\u00edculos Automotores de Vias Terrestres), informou que \u2013 at\u00e9 o final da manh\u00e3 de hoje (17) \u2013 registrou mais de 386 mil pedidos de restitui\u00e7\u00e3o dos valores do seguro pagos a mais.<\/p>\n\n\n\n<p>Explicou que mais de 1,9 milh\u00e3o de ve\u00edculos em todo Brasil est\u00e3o aptos a receber a restitui\u00e7\u00e3o.<\/p>\n\n\n\n<p>O prazo para pedir o valor pago a mais \u00e9 at\u00e9 o fim do exerc\u00edcio de 2020.<\/p>\n\n\n\n<p>A restitui\u00e7\u00e3o teve in\u00edcio na quarta-feira (15).<\/p>\n\n\n\n<p>A maioria dos ve\u00edculos se concentra no estado de S\u00e3o Paulo, onde mais de 900 mil devem receber de volta o que foi pago a mais.<\/p>\n\n\n\n<p>Em seguida, v\u00eam Minas Gerais, com mais de 300 mil ve\u00edculos, e o Rio Grande do Sul, com mais de 200 mil ve\u00edculos.<\/p>\n\n\n\n<p>As menores frotas est\u00e3o em Roraima, com cerca de dois mil, e Acre, com mais de tr\u00eas mil ve\u00edculos.<\/p>\n\n\n\n<p>O pedido para receber o valores pagos a mais deve ser feito acessando o&nbsp;<a href=\"https:\/\/restituicao.dpvatsegurodotransito.com.br\/\" target=\"_blank\" rel=\"noreferrer noopener\">site<\/a>.<\/p>\n\n\n\n<figure class=\"wp-block-image\"><img decoding=\"async\" data-src=\"https:\/\/paraibaonline.com.br\/wp-content\/uploads\/2017\/09\/transito_na_saida_de_sao_paulo-567x410.jpg\" alt=\"Foto: Ag\u00eancia Brasil\" class=\"wp-image-187861 lazyload\" src=\"data:image\/svg+xml;base64,PHN2ZyB3aWR0aD0iMSIgaGVpZ2h0PSIxIiB4bWxucz0iaHR0cDovL3d3dy53My5vcmcvMjAwMC9zdmciPjwvc3ZnPg==\" style=\"--smush-placeholder-width: 567px; --smush-placeholder-aspect-ratio: 567\/410;\" \/><\/figure>\n\n\n\n<p>Foto: Ag\u00eancia Brasil<\/p>\n\n\n\n<p>A restitui\u00e7\u00e3o da diferen\u00e7a dos valores ser\u00e1 feita diretamente na conta corrente ou conta poupan\u00e7a do propriet\u00e1rio do ve\u00edculo.<\/p>\n\n\n\n<p>Para realizar a solicita\u00e7\u00e3o, os propriet\u00e1rios de ve\u00edculos dever\u00e3o informar o CPF (Cadastro de Pessoa F\u00edsica) ou CNPJ (Cadastro de Pessoa Jur\u00eddica) do propriet\u00e1rio; Renavam (Registro Nacional de Ve\u00edculos Automotores) do ve\u00edculo; valor pago; data em que o pagamento a mais foi realizado; dados banc\u00e1rios (banco, ag\u00eancia e conta corrente ou conta poupan\u00e7a do propriet\u00e1rio); e-mail de contato e telefone de contato.<\/p>\n\n\n\n<p>\u201cAo enviar a solicita\u00e7\u00e3o, o propriet\u00e1rio receber\u00e1 um n\u00famero de protocolo para o acompanhamento da restitui\u00e7\u00e3o no mesmo site. Ap\u00f3s o cadastro, a restitui\u00e7\u00e3o ser\u00e1 processada em at\u00e9 dois dias \u00fateis, dependendo, apenas, da compensa\u00e7\u00e3o banc\u00e1ria para a sua finaliza\u00e7\u00e3o\u201d, informou a seguradora.<\/p>\n\n\n\n<p>Ela disse ainda que o site receber\u00e1 somente os pedidos de restitui\u00e7\u00e3o da diferen\u00e7a de valores pagos referentes ao Seguro Dpvat 2020.<\/p>\n\n\n\n<p>No caso de o propriet\u00e1rio ter pago o seguro de 2020 duas ou mais vezes,&nbsp;<a href=\"https:\/\/www.seguradoralider.com.br\/Contato\/Duvidas-Reclamacoes-e-Sugestoes\" target=\"_blank\" rel=\"noreferrer noopener\">o pedido dever\u00e1 ser feito acessando outra p\u00e1gina<\/a>.<\/p>\n\n\n\n<p>J\u00e1 os propriet\u00e1rios de frotas de ve\u00edculos devem enviar e-mail.<\/p>\n\n\n\n<p>A medida foi anunciada na semana passada pela L\u00edder, respons\u00e1vel pela gest\u00e3o do seguro, ap\u00f3s o presidente do Supremo Tribunal Federal (STF), ministro Dias Toffoli, ter voltado atr\u00e1s e acolhido pedido do governo para extinguir sua pr\u00f3pria liminar, reduzindo os valores do seguro obrigat\u00f3rio Dpvat.<\/p>\n\n\n\n<p><strong>Valores<\/strong><\/p>\n\n\n\n<p>O Seguro Dpvat deve ser pago uma \u00fanica vez ao ano, junto ao vencimento da cota \u00fanica ou da primeira parcela do IPVA (Imposto sobre a Propriedade de Ve\u00edculos Automotores), acompanhando os calend\u00e1rios estaduais.<\/p>\n\n\n\n<p>Os valores para pagamento do Dpvat em 2020 s\u00e3o:<\/p>\n\n\n\n<p>\u2013 Autom\u00f3veis e caminhonetes particulares\/oficial, miss\u00e3o diplom\u00e1tica, corpo consular e \u00f3rg\u00e3o internacional: R$ 5,23<br>\u2013 T\u00e1xis, carros de aluguel e aprendizagem: R$ 5,23<br>\u2013 \u00d4nibus, micro-\u00f4nibus e lota\u00e7\u00e3o com cobran\u00e7a de frete (urbanos, interurbanos, rurais e interestaduais): R$ 10,57<br>\u2013 Micro-\u00f4nibus com cobran\u00e7a de frete, mas com lota\u00e7\u00e3o n\u00e3o superior a 10 passageiros e \u00f4nibus, micro-\u00f4nibus e lota\u00e7\u00f5es sem cobran\u00e7a de frete (urbanos, interurbanos, rurais e interestaduais): R$ 8,11<br>\u2013 Ciclomotores: R$ 5,67<br>\u2013 Motocicletas, motonetas e simulares: R$ 12,30<br>\u2013 Caminh\u00f5es, caminhonetes tipo pick-up de at\u00e9 1.500 kg de carga, m\u00e1quinas de terraplanagem e equipamentos m\u00f3veis em geral (quando licenciados) e outros ve\u00edculos: R$ 5,78<br>\u2013 Reboque e semirreboque \u2013 isentos (o seguro deve ser pago pelo ve\u00edculo tracionador).<\/p>\n","protected":false},"excerpt":{"rendered":"<p>A Seguradora L\u00edder, respons\u00e1vel pela gest\u00e3o do seguro Dpvat 2020 (sigla de Danos Pessoais por Ve\u00edculos Automotores de Vias Terrestres), informou que \u2013 at\u00e9 o&hellip; <\/p>\n","protected":false},"author":1,"featured_media":133800,"comment_status":"closed","ping_status":"closed","sticky":false,"template":"","format":"standard","meta":{"sfsi_plus_gutenberg_text_before_share":"","sfsi_plus_gutenberg_show_text_before_share":"","sfsi_plus_gutenberg_icon_type":"","sfsi_plus_gutenberg_icon_alignemt":"","sfsi_plus_gutenburg_max_per_row":"","footnotes":""},"categories":[2],"tags":[],"class_list":["post-147205","post","type-post","status-publish","format-standard","has-post-thumbnail","hentry","category-geral"],"_links":{"self":[{"href":"https:\/\/www.caririemacao.com\/1\/wp-json\/wp\/v2\/posts\/147205","targetHints":{"allow":["GET"]}}],"collection":[{"href":"https:\/\/www.caririemacao.com\/1\/wp-json\/wp\/v2\/posts"}],"about":[{"href":"https:\/\/www.caririemacao.com\/1\/wp-json\/wp\/v2\/types\/post"}],"author":[{"embeddable":true,"href":"https:\/\/www.caririemacao.com\/1\/wp-json\/wp\/v2\/users\/1"}],"replies":[{"embeddable":true,"href":"https:\/\/www.caririemacao.com\/1\/wp-json\/wp\/v2\/comments?post=147205"}],"version-history":[{"count":1,"href":"https:\/\/www.caririemacao.com\/1\/wp-json\/wp\/v2\/posts\/147205\/revisions"}],"predecessor-version":[{"id":147206,"href":"https:\/\/www.caririemacao.com\/1\/wp-json\/wp\/v2\/posts\/147205\/revisions\/147206"}],"wp:featuredmedia":[{"embeddable":true,"href":"https:\/\/www.caririemacao.com\/1\/wp-json\/wp\/v2\/media\/133800"}],"wp:attachment":[{"href":"https:\/\/www.caririemacao.com\/1\/wp-json\/wp\/v2\/media?parent=147205"}],"wp:term":[{"taxonomy":"category","embeddable":true,"href":"https:\/\/www.caririemacao.com\/1\/wp-json\/wp\/v2\/categories?post=147205"},{"taxonomy":"post_tag","embeddable":true,"href":"https:\/\/www.caririemacao.com\/1\/wp-json\/wp\/v2\/tags?post=147205"}],"curies":[{"name":"wp","href":"https:\/\/api.w.org\/{rel}","templated":true}]}}