{"id":147208,"date":"2020-01-18T07:52:58","date_gmt":"2020-01-18T10:52:58","guid":{"rendered":"http:\/\/www.caririemacao.com\/1\/?p=147208"},"modified":"2020-01-18T07:52:58","modified_gmt":"2020-01-18T10:52:58","slug":"ministro-do-stj-aborda-desafio-de-combate-ao-crime-com-garantia-da-ampla-defesa","status":"publish","type":"post","link":"https:\/\/www.caririemacao.com\/1\/2020\/01\/18\/ministro-do-stj-aborda-desafio-de-combate-ao-crime-com-garantia-da-ampla-defesa\/","title":{"rendered":"Ministro do STJ aborda desafio de combate ao crime com garantia da ampla defesa"},"content":{"rendered":"\n<p> O ministro do Supremo Tribunal de Justi\u00e7a (STJ), Reynaldo Soares da Fonseca, proferiu uma palestra na manh\u00e3 desta sexta-feira (17) na Sala de Sess\u00f5es do Tribunal Pleno, no Anexo Administrativo do Tribunal de Justi\u00e7a da Para\u00edba, em Jo\u00e3o Pessoa, com o objetivo de abordar a interpreta\u00e7\u00e3o das leis de cunho penal.<\/p>\n\n\n\n<p>Com o tema \u201cJurisprud\u00eancia Penal do Superior Tribunal de Justi\u00e7a: Reflex\u00f5es e Desafios\u201d, o ministro falou do papel da institui\u00e7\u00e3o hoje em rela\u00e7\u00e3o ao s\u00e9culo passado. O destaque foi para a esfera penal. Em entrevista para a R\u00e1dio Correio FM, afirmou: \u201cA vida mudou, chegamos ao mundo da virtualiza\u00e7\u00e3o e da globaliza\u00e7\u00e3o. Assim, os conceitos dos delitos e dos crimes foram ampliados\u201d.<\/p>\n\n\n\n<p>\u2013 Passamos a ter crimes cibern\u00e9ticos, passamos a ter um mundo em que o tr\u00e1fico internacional campeia, e que por isso deve ser combatido em coopera\u00e7\u00e3o jur\u00eddica e internacional por todos os pa\u00edses. Isso ao mesmo tempo sem deixar de garantir a toda e qualquer pessoa o direito \u00e0 ampla defesa e ao contradit\u00f3rio, que s\u00e3o garantias penais caras dentro de um processo democr\u00e1tico \u2013 disse.<\/p>\n\n\n\n<p>De acordo com informa\u00e7\u00f5es do Superior Tribunal de Justi\u00e7a (STJ), a Corte \u00e9 respons\u00e1vel por uniformizar a interpreta\u00e7\u00e3o da lei federal em todo o Brasil. \u00c9 de sua responsabilidade a solu\u00e7\u00e3o definitiva dos casos civis e criminais que n\u00e3o envolvam mat\u00e9ria constitucional nem a justi\u00e7a especializada.<\/p>\n","protected":false},"excerpt":{"rendered":"<p>O ministro do Supremo Tribunal de Justi\u00e7a (STJ), Reynaldo Soares da Fonseca, proferiu uma palestra na manh\u00e3 desta sexta-feira (17) na Sala de Sess\u00f5es do&hellip; <\/p>\n","protected":false},"author":1,"featured_media":147211,"comment_status":"closed","ping_status":"closed","sticky":false,"template":"","format":"standard","meta":{"sfsi_plus_gutenberg_text_before_share":"","sfsi_plus_gutenberg_show_text_before_share":"","sfsi_plus_gutenberg_icon_type":"","sfsi_plus_gutenberg_icon_alignemt":"","sfsi_plus_gutenburg_max_per_row":"","footnotes":""},"categories":[12],"tags":[],"class_list":["post-147208","post","type-post","status-publish","format-standard","has-post-thumbnail","hentry","category-policia"],"_links":{"self":[{"href":"https:\/\/www.caririemacao.com\/1\/wp-json\/wp\/v2\/posts\/147208","targetHints":{"allow":["GET"]}}],"collection":[{"href":"https:\/\/www.caririemacao.com\/1\/wp-json\/wp\/v2\/posts"}],"about":[{"href":"https:\/\/www.caririemacao.com\/1\/wp-json\/wp\/v2\/types\/post"}],"author":[{"embeddable":true,"href":"https:\/\/www.caririemacao.com\/1\/wp-json\/wp\/v2\/users\/1"}],"replies":[{"embeddable":true,"href":"https:\/\/www.caririemacao.com\/1\/wp-json\/wp\/v2\/comments?post=147208"}],"version-history":[{"count":1,"href":"https:\/\/www.caririemacao.com\/1\/wp-json\/wp\/v2\/posts\/147208\/revisions"}],"predecessor-version":[{"id":147212,"href":"https:\/\/www.caririemacao.com\/1\/wp-json\/wp\/v2\/posts\/147208\/revisions\/147212"}],"wp:featuredmedia":[{"embeddable":true,"href":"https:\/\/www.caririemacao.com\/1\/wp-json\/wp\/v2\/media\/147211"}],"wp:attachment":[{"href":"https:\/\/www.caririemacao.com\/1\/wp-json\/wp\/v2\/media?parent=147208"}],"wp:term":[{"taxonomy":"category","embeddable":true,"href":"https:\/\/www.caririemacao.com\/1\/wp-json\/wp\/v2\/categories?post=147208"},{"taxonomy":"post_tag","embeddable":true,"href":"https:\/\/www.caririemacao.com\/1\/wp-json\/wp\/v2\/tags?post=147208"}],"curies":[{"name":"wp","href":"https:\/\/api.w.org\/{rel}","templated":true}]}}