{"id":147216,"date":"2020-01-18T07:55:16","date_gmt":"2020-01-18T10:55:16","guid":{"rendered":"http:\/\/www.caririemacao.com\/1\/?p=147216"},"modified":"2020-01-18T07:55:16","modified_gmt":"2020-01-18T10:55:16","slug":"cerveja-mineira-com-substancia-toxica-tem-venda-proibida-pela-anvisa","status":"publish","type":"post","link":"https:\/\/www.caririemacao.com\/1\/2020\/01\/18\/cerveja-mineira-com-substancia-toxica-tem-venda-proibida-pela-anvisa\/","title":{"rendered":"Cerveja mineira com subst\u00e2ncia t\u00f3xica tem venda proibida pela Anvisa"},"content":{"rendered":"\n<p>A Anvisa (Ag\u00eancia Nacional de Vigil\u00e2ncia Sanit\u00e1ria) proibiu nesta sexta-feira (17) a venda de cervejas de todas as marcas da empresa mineira Backer com data de validade igual ou posterior a agosto de 2020.<\/p>\n\n\n\n<p>Com a medida, comerciantes que ainda tiverem os produtos \u00e0 venda devem retir\u00e1-los das prateleiras imediatamente.<\/p>\n\n\n\n<p>A determina\u00e7\u00e3o, que vale para todo o pa\u00eds, foi publicada em edi\u00e7\u00e3o extra do Di\u00e1rio Oficial da Uni\u00e3o.<\/p>\n\n\n\n<p>A decis\u00e3o ocorre ap\u00f3s o Minist\u00e9rio da Agricultura apontar a presen\u00e7a das subst\u00e2ncias dietilenoglicol e monoetilenoglicol, proibidas em alimentos, em oito marcas da empresa, e n\u00e3o apenas na Belorizontina.<\/p>\n\n\n\n<p>Desde dezembro, autoridades de sa\u00fade investigam a ocorr\u00eancia de casos de pacientes que apresentaram sintomas de uma s\u00edndrome nefroneural dias ap\u00f3s consumirem a cerveja Belorizontina.<\/p>\n\n\n\n<p>At\u00e9 agora, quatro pessoas morreram, mas o n\u00famero pode subir.<\/p>\n\n\n\n<p>Segundo a Anvisa, os produtos da Backer com validade igual ou ap\u00f3s agosto de 2020 foram fabricados no per\u00edodo investigado de contamina\u00e7\u00e3o, da\u00ed a op\u00e7\u00e3o pela interdi\u00e7\u00e3o preventiva.<\/p>\n\n\n\n<p>Produtos com validade anterior a esse prazo ainda est\u00e3o liberados.<\/p>\n\n\n\n<p>Na segunda-feira (13), o Minist\u00e9rio da Agricultura j\u00e1 havia determinado \u00e0 Backer o recolhimento de todos produtos no mercado.<\/p>\n\n\n\n<p>A medida, por\u00e9m, n\u00e3o valia para o com\u00e9rcio \u2013 a\u00e7\u00e3o que cabe \u00e0 Anvisa.<\/p>\n\n\n\n<p>De acordo com a Anvisa, a interdi\u00e7\u00e3o dever\u00e1 ser mantida por 90 dias ou at\u00e9 que a empresa comprove que os produtos n\u00e3o t\u00eam a presen\u00e7a de dietilenoglicol e monoetilenoglicol.<\/p>\n\n\n\n<p>O objetivo \u00e9 interromper o risco aos consumidores.<\/p>\n\n\n\n<p>Em geral, o dietilenoglicol \u00e9 usado na ind\u00fastria como anticongelante e para evitar que os l\u00edquidos evaporem.<\/p>\n\n\n\n<p>O produto, por\u00e9m, \u00e9 t\u00f3xico e n\u00e3o deveria ter contato com a bebida, passando por cano isolado dos tanques.<\/p>\n\n\n\n<p>O mesmo vale para o monoetilenoglicol, subst\u00e2ncia usada durante o processo de resfriamento e que, embora menos t\u00f3xica que o dietilenoglicol, tamb\u00e9m \u00e9 vetada na composi\u00e7\u00e3o dos produtos.<\/p>\n\n\n\n<p>Al\u00e9m da interdi\u00e7\u00e3o das cervejas da Backer, tr\u00eas lotes espec\u00edficos da cerveja Belorizontina e um da cerveja Capixaba est\u00e3o proibidos e devem ser recolhidos pela empresa por j\u00e1 terem tido a contamina\u00e7\u00e3o comprovada.<\/p>\n\n\n\n<p>A medida vale para os lotes L1 1348, L2 1348 e L2 1354 da Belorizontina e lote L1 1348 da Capixaba.<\/p>\n\n\n\n<p>A Backer ainda n\u00e3o se pronunciou sobre a determina\u00e7\u00e3o da Anvisa. Em nota divulgada na quinta-feira, a empresa diz que \u201cnunca comprou e nem utilizou o dietilenoglicol em seus processos de fabrica\u00e7\u00e3o\u201d, mas diz usar o monoetilenoglicol em processo de resfriamento dos produtos.<\/p>\n\n\n\n<p>Diz ainda que \u201caguarda os resultados das apura\u00e7\u00f5es e continua \u00e0 disposi\u00e7\u00e3o das autoridades\u201d.<\/p>\n","protected":false},"excerpt":{"rendered":"<p>A Anvisa (Ag\u00eancia Nacional de Vigil\u00e2ncia Sanit\u00e1ria) proibiu nesta sexta-feira (17) a venda de cervejas de todas as marcas da empresa mineira Backer com data&hellip; <\/p>\n","protected":false},"author":1,"featured_media":147218,"comment_status":"closed","ping_status":"closed","sticky":false,"template":"","format":"standard","meta":{"sfsi_plus_gutenberg_text_before_share":"","sfsi_plus_gutenberg_show_text_before_share":"","sfsi_plus_gutenberg_icon_type":"","sfsi_plus_gutenberg_icon_alignemt":"","sfsi_plus_gutenburg_max_per_row":"","footnotes":""},"categories":[2],"tags":[],"class_list":["post-147216","post","type-post","status-publish","format-standard","has-post-thumbnail","hentry","category-geral"],"_links":{"self":[{"href":"https:\/\/www.caririemacao.com\/1\/wp-json\/wp\/v2\/posts\/147216","targetHints":{"allow":["GET"]}}],"collection":[{"href":"https:\/\/www.caririemacao.com\/1\/wp-json\/wp\/v2\/posts"}],"about":[{"href":"https:\/\/www.caririemacao.com\/1\/wp-json\/wp\/v2\/types\/post"}],"author":[{"embeddable":true,"href":"https:\/\/www.caririemacao.com\/1\/wp-json\/wp\/v2\/users\/1"}],"replies":[{"embeddable":true,"href":"https:\/\/www.caririemacao.com\/1\/wp-json\/wp\/v2\/comments?post=147216"}],"version-history":[{"count":1,"href":"https:\/\/www.caririemacao.com\/1\/wp-json\/wp\/v2\/posts\/147216\/revisions"}],"predecessor-version":[{"id":147219,"href":"https:\/\/www.caririemacao.com\/1\/wp-json\/wp\/v2\/posts\/147216\/revisions\/147219"}],"wp:featuredmedia":[{"embeddable":true,"href":"https:\/\/www.caririemacao.com\/1\/wp-json\/wp\/v2\/media\/147218"}],"wp:attachment":[{"href":"https:\/\/www.caririemacao.com\/1\/wp-json\/wp\/v2\/media?parent=147216"}],"wp:term":[{"taxonomy":"category","embeddable":true,"href":"https:\/\/www.caririemacao.com\/1\/wp-json\/wp\/v2\/categories?post=147216"},{"taxonomy":"post_tag","embeddable":true,"href":"https:\/\/www.caririemacao.com\/1\/wp-json\/wp\/v2\/tags?post=147216"}],"curies":[{"name":"wp","href":"https:\/\/api.w.org\/{rel}","templated":true}]}}