{"id":147222,"date":"2020-01-18T07:57:07","date_gmt":"2020-01-18T10:57:07","guid":{"rendered":"http:\/\/www.caririemacao.com\/1\/?p=147222"},"modified":"2020-01-18T07:57:07","modified_gmt":"2020-01-18T10:57:07","slug":"acoes-em-prol-de-novo-partido-nao-contarao-com-presenca-de-bolsonaro","status":"publish","type":"post","link":"https:\/\/www.caririemacao.com\/1\/2020\/01\/18\/acoes-em-prol-de-novo-partido-nao-contarao-com-presenca-de-bolsonaro\/","title":{"rendered":"A\u00e7\u00f5es em prol de novo partido n\u00e3o contar\u00e3o com presen\u00e7a de Bolsonaro"},"content":{"rendered":"\n<p>Para evitar desgaste, o presidente Jair Bolsonaro vai abrir m\u00e3o de participar presencialmente de eventos da Alian\u00e7a pelo Brasil, partido que tenta criar para comandar.<\/p>\n\n\n\n<p>A ideia \u00e9 que ele interaja com apoiadores apenas em v\u00eddeo, seja por transmiss\u00e3o ao vivo pela internet ou em material previamente gravado.<\/p>\n\n\n\n<p>Pelo cargo que ocupa, Bolsonaro usa em suas atividades a estrutura da Presid\u00eancia da Rep\u00fablica. Isso inclui carro e avi\u00e3o oficiais para os deslocamentos, al\u00e9m de seguran\u00e7as.<\/p>\n\n\n\n<p>Sens\u00edvel \u00e0s redes sociais, ele teme ser alvo de cr\u00edticas ao recorrer \u00e0 estrutura do Pal\u00e1cio do Planalto em eventos pol\u00edticos em outros estados.<\/p>\n\n\n\n<p>Mesmo com a previs\u00e3o de estar em Bras\u00edlia neste s\u00e1bado (18) e com a intempestividade que marca seu comportamento, auxiliares dizem que Bolsonaro n\u00e3o deve aparecer no ato que ser\u00e1 promovido pela manh\u00e3 na capital federal.<\/p>\n\n\n\n<p>De acordo com organizadores da Alian\u00e7a, ainda n\u00e3o est\u00e1 definido se, neste s\u00e1bado, Bolsonaro far\u00e1 uma live ou apenas mandar\u00e1 um v\u00eddeo gravado.<\/p>\n\n\n\n<p>Eles dizem que, se o presidente for ao ato de Bras\u00edlia, ser\u00e1 cobrado a ir aos eventos de outras capitais -est\u00e3o previstos 25 deles at\u00e9 16 de fevereiro.<\/p>\n\n\n\n<p>Al\u00e9m disso, em um mesmo dia haver\u00e1 eventos simult\u00e2neos em cidades diferentes.<\/p>\n\n\n\n<p>Neste s\u00e1bado tamb\u00e9m est\u00e1 programado ato em Jo\u00e3o Pessoa. Em 1\u00ba de fevereiro, haver\u00e1 em Curitiba, Recife e Campo Grande.<\/p>\n\n\n\n<p>Em outros casos, Bolsonaro j\u00e1 estaria impedido de participar por causa de conflito com a agenda presidencial.<\/p>\n\n\n\n<p>A viagem para as celebra\u00e7\u00f5es do Dia da Rep\u00fablica da \u00cdndia, em 26 de janeiro, por exemplo, inviabiliza a presen\u00e7a do presidente em Salvador (25) e Teresina (26).<\/p>\n\n\n\n<p>No evento de Goi\u00e2nia, primeira cidade no calend\u00e1rio da Alian\u00e7a, Bolsonaro nem mesmo mandou v\u00eddeo na \u00faltima quarta (15).<\/p>\n\n\n\n<p>Segundo auxiliares, o presidente ficou sem agenda para preparar o material do ato do partido diante da crise que se abateu sobre o governo ap\u00f3s a revela\u00e7\u00e3o pela Folha de S.Paulo de que seu secret\u00e1rio de Comunica\u00e7\u00e3o, Fabio Wajngarten, recebeu dinheiro de empresas contratadas pelo governo.<\/p>\n\n\n\n<p>Um teste para os atos da Alian\u00e7a foi realizado no Cear\u00e1, em 4 de janeiro, quando os apoiadores dizem ter conseguido 1.600 assinaturas. N\u00e3o foram divulgas informa\u00e7\u00f5es sobre o n\u00famero de assinaturas conseguidas na capital goiana.<\/p>\n\n\n\n<p>Organizadores da legenda dizem n\u00e3o ter um or\u00e7amento definido para os eventos, bancados, segundo eles, por voluntariado local.<\/p>\n\n\n\n<p>Se quiser participar das elei\u00e7\u00f5es municipais deste ano, a Alian\u00e7a pelo Brasil precisar\u00e1 reunir 492 mil assinaturas at\u00e9 abril.<\/p>\n\n\n\n<p>Segundo a legisla\u00e7\u00e3o vigente, um novo partido precisa de apoio de 0,5% dos votos dados na \u00faltima elei\u00e7\u00e3o geral para a C\u00e2mara dos Deputados distribu\u00eddos por um ter\u00e7o das unidades da Federa\u00e7\u00e3o (ou seja, nove) com um m\u00ednimo de 0,1% do eleitorado que tenha votado em cada uma delas.<\/p>\n\n\n\n<p>Bolsonaro lan\u00e7ou a Alian\u00e7a pelo Brasil em novembro, quando deixou o PSL, partido pelo qual foi eleito presidente.<\/p>\n\n\n\n<p>A sa\u00edda se deu em meio a um racha no partido, em um embate direto com o presidente do PSL, o deputado por Pernambuco Luciano Bivar.<\/p>\n\n\n\n<p>As diverg\u00eancias tiveram in\u00edcio logo no come\u00e7o do mandato, ap\u00f3s a Folha de S.Paulo revelar o esc\u00e2ndalo das candidaturas de laranjas.<\/p>\n\n\n\n<p>Caso saia do papel, esta ser\u00e1 o nono partido de Bolsonaro em sua carreira pol\u00edtica. Ele ocupar\u00e1 a presid\u00eancia da Alian\u00e7a.<\/p>\n\n\n\n<p>Seu primog\u00eanito, o senador Fl\u00e1vio Bolsonaro (sem partido-RJ), \u00e9 o primeiro-vice-presidente.<\/p>\n\n\n\n<p>Assessor especial da Presid\u00eancia, Tercio Arnaud Tomaz faz parte da dire\u00e7\u00e3o da sigla. Ligado ao vereador Carlos Bolsonaro (PSC-RJ), ele integra o chamado \u201cgabinete da raiva\u201d do Pal\u00e1cio do Planalto.<\/p>\n\n\n\n<p>\u00c0 frente da empreitada pol\u00edtico-partid\u00e1ria do presidente, o ex-ministro do TSE Admar Gonzaga e a advogada Karina Kufa, respectivamente, ser\u00e3o secret\u00e1rio-geral e tesoureira da legenda.<\/p>\n","protected":false},"excerpt":{"rendered":"<p>Para evitar desgaste, o presidente Jair Bolsonaro vai abrir m\u00e3o de participar presencialmente de eventos da Alian\u00e7a pelo Brasil, partido que tenta criar para comandar.&hellip; <\/p>\n","protected":false},"author":1,"featured_media":147223,"comment_status":"closed","ping_status":"closed","sticky":false,"template":"","format":"standard","meta":{"sfsi_plus_gutenberg_text_before_share":"","sfsi_plus_gutenberg_show_text_before_share":"","sfsi_plus_gutenberg_icon_type":"","sfsi_plus_gutenberg_icon_alignemt":"","sfsi_plus_gutenburg_max_per_row":"","footnotes":""},"categories":[11],"tags":[],"class_list":["post-147222","post","type-post","status-publish","format-standard","has-post-thumbnail","hentry","category-politica"],"_links":{"self":[{"href":"https:\/\/www.caririemacao.com\/1\/wp-json\/wp\/v2\/posts\/147222","targetHints":{"allow":["GET"]}}],"collection":[{"href":"https:\/\/www.caririemacao.com\/1\/wp-json\/wp\/v2\/posts"}],"about":[{"href":"https:\/\/www.caririemacao.com\/1\/wp-json\/wp\/v2\/types\/post"}],"author":[{"embeddable":true,"href":"https:\/\/www.caririemacao.com\/1\/wp-json\/wp\/v2\/users\/1"}],"replies":[{"embeddable":true,"href":"https:\/\/www.caririemacao.com\/1\/wp-json\/wp\/v2\/comments?post=147222"}],"version-history":[{"count":1,"href":"https:\/\/www.caririemacao.com\/1\/wp-json\/wp\/v2\/posts\/147222\/revisions"}],"predecessor-version":[{"id":147224,"href":"https:\/\/www.caririemacao.com\/1\/wp-json\/wp\/v2\/posts\/147222\/revisions\/147224"}],"wp:featuredmedia":[{"embeddable":true,"href":"https:\/\/www.caririemacao.com\/1\/wp-json\/wp\/v2\/media\/147223"}],"wp:attachment":[{"href":"https:\/\/www.caririemacao.com\/1\/wp-json\/wp\/v2\/media?parent=147222"}],"wp:term":[{"taxonomy":"category","embeddable":true,"href":"https:\/\/www.caririemacao.com\/1\/wp-json\/wp\/v2\/categories?post=147222"},{"taxonomy":"post_tag","embeddable":true,"href":"https:\/\/www.caririemacao.com\/1\/wp-json\/wp\/v2\/tags?post=147222"}],"curies":[{"name":"wp","href":"https:\/\/api.w.org\/{rel}","templated":true}]}}