{"id":147227,"date":"2020-01-18T07:58:22","date_gmt":"2020-01-18T10:58:22","guid":{"rendered":"http:\/\/www.caririemacao.com\/1\/?p=147227"},"modified":"2020-01-18T07:58:22","modified_gmt":"2020-01-18T10:58:22","slug":"homem-invade-casa-e-atira-contra-a-mae-e-filha-deixando-uma-morta-e-outra-gravemente-ferida","status":"publish","type":"post","link":"https:\/\/www.caririemacao.com\/1\/2020\/01\/18\/homem-invade-casa-e-atira-contra-a-mae-e-filha-deixando-uma-morta-e-outra-gravemente-ferida\/","title":{"rendered":"Homem invade casa e atira contra a m\u00e3e e filha, deixando uma morta e outra gravemente ferida"},"content":{"rendered":"\n<p>Um homem invadiu uma casa e atirou contra uma mulher e a m\u00e3e dela, na noite desta sexta-feira (17), em Santa Rita, regi\u00e3o metropolitana de Jo\u00e3o Pessoa.<\/p>\n\n\n\n<p>A filha morreu ainda no local. J\u00e1 a m\u00e3e, identificada como Maria da Concei\u00e7\u00e3o Honorato, que foi atingida na regi\u00e3o do ouvido, foi levada por uma equipe do Servi\u00e7o de Atendimento M\u00f3vel de Urg\u00eancia (Samu), para o Hospital de Emerg\u00eancia e Trauma de Jo\u00e3o Pessoa, onde segue internada em estado grave.<\/p>\n\n\n\n<p>O suspeito do crime foi detido pela Pol\u00edcia Militar. Ele \u00e9 da cidade de Bayeux e estava usando tornozeleira eletr\u00f4nica.<\/p>\n\n\n\n<p>A suspeita \u00e9 que o acusado tinha uma rivalidade com o marido da mulher que morreu, um homem que est\u00e1 preso na cidade de Sap\u00e9, na Zona da Mata paraibana.<\/p>\n","protected":false},"excerpt":{"rendered":"<p>Um homem invadiu uma casa e atirou contra uma mulher e a m\u00e3e dela, na noite desta sexta-feira (17), em Santa Rita, regi\u00e3o metropolitana de&hellip; <\/p>\n","protected":false},"author":1,"featured_media":147228,"comment_status":"closed","ping_status":"closed","sticky":false,"template":"","format":"standard","meta":{"sfsi_plus_gutenberg_text_before_share":"","sfsi_plus_gutenberg_show_text_before_share":"","sfsi_plus_gutenberg_icon_type":"","sfsi_plus_gutenberg_icon_alignemt":"","sfsi_plus_gutenburg_max_per_row":"","footnotes":""},"categories":[12],"tags":[],"class_list":["post-147227","post","type-post","status-publish","format-standard","has-post-thumbnail","hentry","category-policia"],"_links":{"self":[{"href":"https:\/\/www.caririemacao.com\/1\/wp-json\/wp\/v2\/posts\/147227","targetHints":{"allow":["GET"]}}],"collection":[{"href":"https:\/\/www.caririemacao.com\/1\/wp-json\/wp\/v2\/posts"}],"about":[{"href":"https:\/\/www.caririemacao.com\/1\/wp-json\/wp\/v2\/types\/post"}],"author":[{"embeddable":true,"href":"https:\/\/www.caririemacao.com\/1\/wp-json\/wp\/v2\/users\/1"}],"replies":[{"embeddable":true,"href":"https:\/\/www.caririemacao.com\/1\/wp-json\/wp\/v2\/comments?post=147227"}],"version-history":[{"count":1,"href":"https:\/\/www.caririemacao.com\/1\/wp-json\/wp\/v2\/posts\/147227\/revisions"}],"predecessor-version":[{"id":147229,"href":"https:\/\/www.caririemacao.com\/1\/wp-json\/wp\/v2\/posts\/147227\/revisions\/147229"}],"wp:featuredmedia":[{"embeddable":true,"href":"https:\/\/www.caririemacao.com\/1\/wp-json\/wp\/v2\/media\/147228"}],"wp:attachment":[{"href":"https:\/\/www.caririemacao.com\/1\/wp-json\/wp\/v2\/media?parent=147227"}],"wp:term":[{"taxonomy":"category","embeddable":true,"href":"https:\/\/www.caririemacao.com\/1\/wp-json\/wp\/v2\/categories?post=147227"},{"taxonomy":"post_tag","embeddable":true,"href":"https:\/\/www.caririemacao.com\/1\/wp-json\/wp\/v2\/tags?post=147227"}],"curies":[{"name":"wp","href":"https:\/\/api.w.org\/{rel}","templated":true}]}}