{"id":147232,"date":"2020-01-18T07:59:38","date_gmt":"2020-01-18T10:59:38","guid":{"rendered":"http:\/\/www.caririemacao.com\/1\/?p=147232"},"modified":"2020-01-18T07:59:38","modified_gmt":"2020-01-18T10:59:38","slug":"bolsonaro-convida-regina-duarte-para-a-secretaria-da-cultura","status":"publish","type":"post","link":"https:\/\/www.caririemacao.com\/1\/2020\/01\/18\/bolsonaro-convida-regina-duarte-para-a-secretaria-da-cultura\/","title":{"rendered":"Bolsonaro convida Regina Duarte para a Secretaria da Cultura"},"content":{"rendered":"\n<p>&nbsp;O presidente Jair Bolsonaro convidou a atriz Regina Duarte na tarde desta sexta-feira para assumir a Secretaria da Cultura do governo federal. O convite foi feito por telefone, numa liga\u00e7\u00e3o do pr\u00f3prio presidente. Segundo aliados de Bolsonaro, Regina ficou de responder nos pr\u00f3ximos dias.<\/p>\n\n\n\n<p>A informa\u00e7\u00e3o foi adiantada pela colunista M\u00f4nica Bergamo, da &#8220;Folha de S.Paulo&#8221;, e confirmada pelo GLOBO.<\/p>\n\n\n\n<p>Regina Duarte foi convidada para ocupar a vaga de Roberto Alvim, demitido nesta sexta-feira ap\u00f3s copiar frases de um discurso nazista em um pronunciamento oficial da pasta. At\u00e9 a defini\u00e7\u00e3o do novo secret\u00e1rio, assume interinamente Jos\u00e9 Paulo Soares Martins.<\/p>\n\n\n\n<p>Ministros de Bolsonaro defenderam tamb\u00e9m o nome do secret\u00e1rio de Audiovisual, Andr\u00e9 Sturm, como uma solu\u00e7\u00e3o imediata para o cargo. Andr\u00e9 Sturm passou por um pente fino do governo em dezembro quando assumiu a \u00e1rea de Audiovisual.<\/p>\n\n\n\n<p>Bolsonaro considerou insustent\u00e1vel a perman\u00eancia de Alvim no cargo e ainda considerou a grava\u00e7\u00e3o como um \u201cpronunciamento infeliz\u201d. A aliados, o presidente justificou a demiss\u00e3o pelo \u201camor a Israel\u201d, como mostrou a colunista Bela Megale.<\/p>\n\n\n\n<p>\u2014 Ele disse que tinha de demiti-lo por amor e respeito a Israel. A quest\u00e3o de Israel \u00e9 muito cara ao presidente. Ele nos disse que n\u00e3o poderia permitir que feridas que jamais ser\u00e3o cicatrizadas sejam expostas no governo dele \u2014 descreveu o deputado Ottoni de Paula (PSC-RJ), que estava na sala do presidente no momento da demiss\u00e3o.<\/p>\n\n\n\n<p>A demiss\u00e3o de Alvim ocorreu ap\u00f3s ele copiar uma cita\u00e7\u00e3o do ministro de propaganda da Alemanha nazista, Joseph Goebbels, em um pronunciamento. O v\u00eddeo foi divulgado para anunciar o Pr\u00eamio Nacional das Artes, projeto no valor total de mais de R$ 20 milh\u00f5es.<\/p>\n\n\n\n<p>Al\u00e9m disso, o an\u00fancio traz como fundo musical a \u00f3pera &#8220;Lohengrin&#8221;, de Richard Wagner, compositor alem\u00e3o celebrado pelo nazismo. A semelhan\u00e7a entre o discurso de Alvim e do ministro nazista foi identificada primeiro pelo portal &#8220;Jornalistas Livres&#8221;.<\/p>\n","protected":false},"excerpt":{"rendered":"<p>&nbsp;O presidente Jair Bolsonaro convidou a atriz Regina Duarte na tarde desta sexta-feira para assumir a Secretaria da Cultura do governo federal. O convite foi&hellip; <\/p>\n","protected":false},"author":1,"featured_media":147233,"comment_status":"closed","ping_status":"closed","sticky":false,"template":"","format":"standard","meta":{"sfsi_plus_gutenberg_text_before_share":"","sfsi_plus_gutenberg_show_text_before_share":"","sfsi_plus_gutenberg_icon_type":"","sfsi_plus_gutenberg_icon_alignemt":"","sfsi_plus_gutenburg_max_per_row":"","footnotes":""},"categories":[11],"tags":[],"class_list":["post-147232","post","type-post","status-publish","format-standard","has-post-thumbnail","hentry","category-politica"],"_links":{"self":[{"href":"https:\/\/www.caririemacao.com\/1\/wp-json\/wp\/v2\/posts\/147232","targetHints":{"allow":["GET"]}}],"collection":[{"href":"https:\/\/www.caririemacao.com\/1\/wp-json\/wp\/v2\/posts"}],"about":[{"href":"https:\/\/www.caririemacao.com\/1\/wp-json\/wp\/v2\/types\/post"}],"author":[{"embeddable":true,"href":"https:\/\/www.caririemacao.com\/1\/wp-json\/wp\/v2\/users\/1"}],"replies":[{"embeddable":true,"href":"https:\/\/www.caririemacao.com\/1\/wp-json\/wp\/v2\/comments?post=147232"}],"version-history":[{"count":1,"href":"https:\/\/www.caririemacao.com\/1\/wp-json\/wp\/v2\/posts\/147232\/revisions"}],"predecessor-version":[{"id":147234,"href":"https:\/\/www.caririemacao.com\/1\/wp-json\/wp\/v2\/posts\/147232\/revisions\/147234"}],"wp:featuredmedia":[{"embeddable":true,"href":"https:\/\/www.caririemacao.com\/1\/wp-json\/wp\/v2\/media\/147233"}],"wp:attachment":[{"href":"https:\/\/www.caririemacao.com\/1\/wp-json\/wp\/v2\/media?parent=147232"}],"wp:term":[{"taxonomy":"category","embeddable":true,"href":"https:\/\/www.caririemacao.com\/1\/wp-json\/wp\/v2\/categories?post=147232"},{"taxonomy":"post_tag","embeddable":true,"href":"https:\/\/www.caririemacao.com\/1\/wp-json\/wp\/v2\/tags?post=147232"}],"curies":[{"name":"wp","href":"https:\/\/api.w.org\/{rel}","templated":true}]}}