{"id":147236,"date":"2020-01-18T08:00:56","date_gmt":"2020-01-18T11:00:56","guid":{"rendered":"http:\/\/www.caririemacao.com\/1\/?p=147236"},"modified":"2020-01-18T08:00:56","modified_gmt":"2020-01-18T11:00:56","slug":"latam-e-condenada-a-indenizar-passageiro-que-perdeu-sepultamento-da-irma-por-atraso-em-voo","status":"publish","type":"post","link":"https:\/\/www.caririemacao.com\/1\/2020\/01\/18\/latam-e-condenada-a-indenizar-passageiro-que-perdeu-sepultamento-da-irma-por-atraso-em-voo\/","title":{"rendered":"Latam \u00e9 condenada a indenizar passageiro que perdeu sepultamento da irm\u00e3 por atraso em voo"},"content":{"rendered":"\n<p>A empresa Latam Linhas A\u00e9reas S\/A dever\u00e1 pagar uma indeniza\u00e7\u00e3o, por danos morais, no valor de R$ 4 mil, em decorr\u00eancia do atraso de um voo no trecho Recife\/Rio de Janeiro. O autor da a\u00e7\u00e3o, ajuizada na 11\u00aa Vara C\u00edvel da Capital, alegou que o atraso se prolongou por quase quatro horas, impedindo que o mesmo tivesse a oportunidade de presenciar o sepultamento de sua irm\u00e3.<\/p>\n\n\n\n<p>Em sua defesa, a empresa afirma que no dia do voo da parte autora, excepcionalmente, a aeronave em que a levaria ao seu destino, pouco tempo antes de sua decolagem e durante o per\u00edodo de testes de seguran\u00e7a, apresentou um problema t\u00e9cnico e careceu de imediato e inesper\u00e1vel reparo.&nbsp;<\/p>\n\n\n\n<p>Na senten\u00e7a, o juiz Carlos Eduardo Leite Lisboa observou que n\u00e3o h\u00e1 como ser afastado o dever de repara\u00e7\u00e3o dos danos oriundos da falha na presta\u00e7\u00e3o do servi\u00e7o de transporte a\u00e9reo, porquanto, diferente do que alega a empresa, n\u00e3o restou configurada qualquer excludente de responsabilidade no caso em quest\u00e3o.<\/p>\n\n\n\n<p>\u201cAinda que se reconhecesse que o atraso do voo se deu por motivos de seguran\u00e7a, isso n\u00e3o teria o cond\u00e3o de afastar o dever de indenizar, j\u00e1 que problemas de manuten\u00e7\u00e3o e de seguran\u00e7a das aeronaves configuram fortuito interno, inerentes ao servi\u00e7o prestado\u201d, destacou o magistrado.<\/p>\n\n\n\n<p>Afirmou, ainda, que todo aquele que praticar ato il\u00edcito e gerar dano a outrem como consequ\u00eancia da pr\u00e1tica daquele ato, ser\u00e1 obrigado a indenizar. \u201cTal situa\u00e7\u00e3o, sem d\u00favida, violou direitos de personalidade da demandante, n\u00e3o podendo ser tratado como mero dissabor di\u00e1rio, como pretende a r\u00e9\u201d, enfatizou.<\/p>\n\n\n\n<p>Da decis\u00e3o cabe recurso.<\/p>\n","protected":false},"excerpt":{"rendered":"<p>A empresa Latam Linhas A\u00e9reas S\/A dever\u00e1 pagar uma indeniza\u00e7\u00e3o, por danos morais, no valor de R$ 4 mil, em decorr\u00eancia do atraso de um&hellip; <\/p>\n","protected":false},"author":1,"featured_media":147241,"comment_status":"closed","ping_status":"closed","sticky":false,"template":"","format":"standard","meta":{"sfsi_plus_gutenberg_text_before_share":"","sfsi_plus_gutenberg_show_text_before_share":"","sfsi_plus_gutenberg_icon_type":"","sfsi_plus_gutenberg_icon_alignemt":"","sfsi_plus_gutenburg_max_per_row":"","footnotes":""},"categories":[2],"tags":[],"class_list":["post-147236","post","type-post","status-publish","format-standard","has-post-thumbnail","hentry","category-geral"],"_links":{"self":[{"href":"https:\/\/www.caririemacao.com\/1\/wp-json\/wp\/v2\/posts\/147236","targetHints":{"allow":["GET"]}}],"collection":[{"href":"https:\/\/www.caririemacao.com\/1\/wp-json\/wp\/v2\/posts"}],"about":[{"href":"https:\/\/www.caririemacao.com\/1\/wp-json\/wp\/v2\/types\/post"}],"author":[{"embeddable":true,"href":"https:\/\/www.caririemacao.com\/1\/wp-json\/wp\/v2\/users\/1"}],"replies":[{"embeddable":true,"href":"https:\/\/www.caririemacao.com\/1\/wp-json\/wp\/v2\/comments?post=147236"}],"version-history":[{"count":1,"href":"https:\/\/www.caririemacao.com\/1\/wp-json\/wp\/v2\/posts\/147236\/revisions"}],"predecessor-version":[{"id":147242,"href":"https:\/\/www.caririemacao.com\/1\/wp-json\/wp\/v2\/posts\/147236\/revisions\/147242"}],"wp:featuredmedia":[{"embeddable":true,"href":"https:\/\/www.caririemacao.com\/1\/wp-json\/wp\/v2\/media\/147241"}],"wp:attachment":[{"href":"https:\/\/www.caririemacao.com\/1\/wp-json\/wp\/v2\/media?parent=147236"}],"wp:term":[{"taxonomy":"category","embeddable":true,"href":"https:\/\/www.caririemacao.com\/1\/wp-json\/wp\/v2\/categories?post=147236"},{"taxonomy":"post_tag","embeddable":true,"href":"https:\/\/www.caririemacao.com\/1\/wp-json\/wp\/v2\/tags?post=147236"}],"curies":[{"name":"wp","href":"https:\/\/api.w.org\/{rel}","templated":true}]}}