{"id":147243,"date":"2020-01-18T08:02:16","date_gmt":"2020-01-18T11:02:16","guid":{"rendered":"http:\/\/www.caririemacao.com\/1\/?p=147243"},"modified":"2020-01-18T08:02:16","modified_gmt":"2020-01-18T11:02:16","slug":"psdb-diz-que-admiracao-por-nazismo-nao-e-so-de-alvim-e-o-compara-a-lula","status":"publish","type":"post","link":"https:\/\/www.caririemacao.com\/1\/2020\/01\/18\/psdb-diz-que-admiracao-por-nazismo-nao-e-so-de-alvim-e-o-compara-a-lula\/","title":{"rendered":"PSDB diz que admira\u00e7\u00e3o por nazismo n\u00e3o \u00e9 s\u00f3 de Alvim e o compara a Lula"},"content":{"rendered":"\n<p>Em meio \u00e0 demiss\u00e3o de Roberto Alvim, agora ex-secret\u00e1rio de Cultura do governo de Jair Bolsonaro, ap\u00f3s ele ter parafraseado o ministro da Propaganda da Alemanha nazista, Joseph Goebbels, em um discurso, a conta oficial do PSDB relembrou nesta sexta-feira (17) uma entrevista de 1994 em que o ex-presidente Luiz In\u00e1cio Lula da Silva (PT) afirmou admirar Adolf Hitler.<\/p>\n\n\n\n<p>O partido compartilhou reportagem do jornal Folha de S.Paulo que cita a entrevista. A declara\u00e7\u00e3o de Lula foi dada \u00e0 revista Playboy e preocupou o comando da campanha presidencial do PT daquele ano.&nbsp;<\/p>\n\n\n\n<p>Na postagem, acompanhada da reportagem, o PSDB escreveu: &#8220;A admira\u00e7\u00e3o pelo nazismo n\u00e3o \u00e9 exclusividade de alguns da c\u00fapula desse governo&#8230;&#8221;, em refer\u00eancia \u00e0 gest\u00e3o Bolsonaro.<\/p>\n\n\n\n<figure class=\"wp-block-image\"><img decoding=\"async\" data-src=\"https:\/\/www.clickpb.com.br\/media\/filer_public\/0e\/c2\/0ec28706-7c17-4400-a58c-29a5528328b1\/screenshot_4.jpg\" alt=\"\" src=\"data:image\/svg+xml;base64,PHN2ZyB3aWR0aD0iMSIgaGVpZ2h0PSIxIiB4bWxucz0iaHR0cDovL3d3dy53My5vcmcvMjAwMC9zdmciPjwvc3ZnPg==\" class=\"lazyload\" \/><\/figure>\n\n\n\n<p>Na \u00e9poca, quando questionado pela Playboy sobre quais l\u00edderes admirava, Lula citou figuras como Tiradentes, Gandhi, Che Guevara, Fidel Castro e Mao Ts\u00e9-tung. Sobre Hitler, disse que &#8220;mesmo errado&#8221;, tinha aquilo que ele admirava em um homem: &#8220;O fogo de se propor a fazer alguma coisa e tentar fazer&#8221;.<\/p>\n\n\n\n<p>Questionado pela Folha de S.Paulo em 1994, Lula disse desconhecer a entrevista na Playboy.<\/p>\n\n\n\n<p>Na manh\u00e3 desta sexta-feira, a Secretaria Especial da Cultura informou por sua assessoria de imprensa que Alvim foi demitido do cargo. A exonera\u00e7\u00e3o acontece ap\u00f3s Alvim parafrasear Goebbels em um v\u00eddeo divulgado no dia anterior sobre o lan\u00e7amento do Pr\u00eamio Nacional das Artes.<\/p>\n\n\n\n<p>&#8220;A arte brasileira da pr\u00f3xima d\u00e9cada ser\u00e1 heroica e ser\u00e1 nacional [&#8230;], ou ent\u00e3o n\u00e3o ser\u00e1 nada&#8221;, afirmou Alvim.<\/p>\n\n\n\n<p>Em maio de 1933, Goebbels, ent\u00e3o ministro da Propaganda da Alemanha nazista, disse: &#8220;A arte alem\u00e3 da pr\u00f3xima d\u00e9cada ser\u00e1 heroica, [&#8230;] ser\u00e1 nacional [&#8230;], ou ent\u00e3o n\u00e3o ser\u00e1 nada&#8221;.<\/p>\n\n\n\n<p>O presidente da C\u00e2mara, Rodrigo Maia (DEM-RJ), classificou a fala de Alvim como inaceit\u00e1vel: &#8220;O secret\u00e1rio da Cultura passou de todos os limites. \u00c9 inaceit\u00e1vel. O governo brasileiro deveria afast\u00e1-lo urgente do cargo&#8221;.<\/p>\n\n\n\n<p>Davi Alcolumbre (DEM-AP), presidente do Senado, tamb\u00e9m condenou o discurso de Alvim, considerando-o &#8220;acintoso, descabido e infeliz&#8221;.<\/p>\n\n\n\n<p>Depois que a exonera\u00e7\u00e3o do secret\u00e1rio de Cultura veio a p\u00fablico, o presidente Bolsonaro afirmou em redes sociais que Alvim fez um &#8220;pronunciamento infeliz&#8221; e, &#8220;ainda que tenha se desculpado, tornou insustent\u00e1vel a sua perman\u00eancia&#8221;.<\/p>\n","protected":false},"excerpt":{"rendered":"<p>Em meio \u00e0 demiss\u00e3o de Roberto Alvim, agora ex-secret\u00e1rio de Cultura do governo de Jair Bolsonaro, ap\u00f3s ele ter parafraseado o ministro da Propaganda da&hellip; <\/p>\n","protected":false},"author":1,"featured_media":147244,"comment_status":"closed","ping_status":"closed","sticky":false,"template":"","format":"standard","meta":{"sfsi_plus_gutenberg_text_before_share":"","sfsi_plus_gutenberg_show_text_before_share":"","sfsi_plus_gutenberg_icon_type":"","sfsi_plus_gutenberg_icon_alignemt":"","sfsi_plus_gutenburg_max_per_row":"","footnotes":""},"categories":[11],"tags":[],"class_list":["post-147243","post","type-post","status-publish","format-standard","has-post-thumbnail","hentry","category-politica"],"_links":{"self":[{"href":"https:\/\/www.caririemacao.com\/1\/wp-json\/wp\/v2\/posts\/147243","targetHints":{"allow":["GET"]}}],"collection":[{"href":"https:\/\/www.caririemacao.com\/1\/wp-json\/wp\/v2\/posts"}],"about":[{"href":"https:\/\/www.caririemacao.com\/1\/wp-json\/wp\/v2\/types\/post"}],"author":[{"embeddable":true,"href":"https:\/\/www.caririemacao.com\/1\/wp-json\/wp\/v2\/users\/1"}],"replies":[{"embeddable":true,"href":"https:\/\/www.caririemacao.com\/1\/wp-json\/wp\/v2\/comments?post=147243"}],"version-history":[{"count":1,"href":"https:\/\/www.caririemacao.com\/1\/wp-json\/wp\/v2\/posts\/147243\/revisions"}],"predecessor-version":[{"id":147245,"href":"https:\/\/www.caririemacao.com\/1\/wp-json\/wp\/v2\/posts\/147243\/revisions\/147245"}],"wp:featuredmedia":[{"embeddable":true,"href":"https:\/\/www.caririemacao.com\/1\/wp-json\/wp\/v2\/media\/147244"}],"wp:attachment":[{"href":"https:\/\/www.caririemacao.com\/1\/wp-json\/wp\/v2\/media?parent=147243"}],"wp:term":[{"taxonomy":"category","embeddable":true,"href":"https:\/\/www.caririemacao.com\/1\/wp-json\/wp\/v2\/categories?post=147243"},{"taxonomy":"post_tag","embeddable":true,"href":"https:\/\/www.caririemacao.com\/1\/wp-json\/wp\/v2\/tags?post=147243"}],"curies":[{"name":"wp","href":"https:\/\/api.w.org\/{rel}","templated":true}]}}