{"id":147247,"date":"2020-01-18T08:04:07","date_gmt":"2020-01-18T11:04:07","guid":{"rendered":"http:\/\/www.caririemacao.com\/1\/?p=147247"},"modified":"2020-01-18T08:04:07","modified_gmt":"2020-01-18T11:04:07","slug":"bolsonaro-fara-live-com-apoiadores-na-pb-neste-sabado","status":"publish","type":"post","link":"https:\/\/www.caririemacao.com\/1\/2020\/01\/18\/bolsonaro-fara-live-com-apoiadores-na-pb-neste-sabado\/","title":{"rendered":"Bolsonaro far\u00e1 \u2018live\u2019 com apoiadores na PB neste s\u00e1bado"},"content":{"rendered":"\n<p>Apoiadores do Alian\u00e7a pelo Brasil se re\u00fanem, neste s\u00e1bado (18), em Jo\u00e3o Pessoa, para discutirem assuntos relacionados a prepara\u00e7\u00e3o do partido liderado pelo presidente Jair Bolsonaro, atualmente sem partido.<\/p>\n\n\n\n<p>Em entrevista ao programa&nbsp;<strong>Hora H<\/strong>, na noite desta sexta-feira (17), o deputado estadual Cabo Gilberto (PSL) disse esperar cerca de 600 pessoas em um hotel da orla da Capital paraibana. Uma novidades ser\u00e1 uma live com Bolsonaro.<\/p>\n\n\n\n<p>\u201cEu tenho expectativa que ser\u00e1 casa cheia em apoio ao presidente da Rep\u00fablica e sua determina\u00e7\u00e3o em fundar um novo partido na na\u00e7\u00e3o brasileira. Esse partido \u00e9 diferente, o partido do presidente, conservador e que vamos avan\u00e7ar muito no pa\u00eds\u201d, previu o parlamentar acrescentando:<\/p>\n\n\n\n<p>\u201cEle vai entrar ao vivo e falar com as pessoas, convidados e com outras atividades\u201d, disse.<\/p>\n\n\n\n<p>Ainda durante a entrevista, Cabo Gilberto disse que assim que a nova sigla esteja apta, ele deixar\u00e1 o PSL aproveitando a \u2018janela\u2019 partid\u00e1ria.<\/p>\n\n\n\n<p>\u201cIremos sair do PSL e desejar sorte a quem fica. Iremos para uma nova hist\u00f3ria no Alian\u00e7a pelo Brasil\u201d , afirmou.<\/p>\n\n\n\n<p>O evento tamb\u00e9m contar\u00e1 com lideran\u00e7as pol\u00edticas de fora da Para\u00edba.<\/p>\n\n\n\n<p>Mais PB<\/p>\n","protected":false},"excerpt":{"rendered":"<p>Apoiadores do Alian\u00e7a pelo Brasil se re\u00fanem, neste s\u00e1bado (18), em Jo\u00e3o Pessoa, para discutirem assuntos relacionados a prepara\u00e7\u00e3o do partido liderado pelo presidente Jair&hellip; <\/p>\n","protected":false},"author":1,"featured_media":147248,"comment_status":"closed","ping_status":"closed","sticky":false,"template":"","format":"standard","meta":{"sfsi_plus_gutenberg_text_before_share":"","sfsi_plus_gutenberg_show_text_before_share":"","sfsi_plus_gutenberg_icon_type":"","sfsi_plus_gutenberg_icon_alignemt":"","sfsi_plus_gutenburg_max_per_row":"","footnotes":""},"categories":[11],"tags":[],"class_list":["post-147247","post","type-post","status-publish","format-standard","has-post-thumbnail","hentry","category-politica"],"_links":{"self":[{"href":"https:\/\/www.caririemacao.com\/1\/wp-json\/wp\/v2\/posts\/147247","targetHints":{"allow":["GET"]}}],"collection":[{"href":"https:\/\/www.caririemacao.com\/1\/wp-json\/wp\/v2\/posts"}],"about":[{"href":"https:\/\/www.caririemacao.com\/1\/wp-json\/wp\/v2\/types\/post"}],"author":[{"embeddable":true,"href":"https:\/\/www.caririemacao.com\/1\/wp-json\/wp\/v2\/users\/1"}],"replies":[{"embeddable":true,"href":"https:\/\/www.caririemacao.com\/1\/wp-json\/wp\/v2\/comments?post=147247"}],"version-history":[{"count":1,"href":"https:\/\/www.caririemacao.com\/1\/wp-json\/wp\/v2\/posts\/147247\/revisions"}],"predecessor-version":[{"id":147249,"href":"https:\/\/www.caririemacao.com\/1\/wp-json\/wp\/v2\/posts\/147247\/revisions\/147249"}],"wp:featuredmedia":[{"embeddable":true,"href":"https:\/\/www.caririemacao.com\/1\/wp-json\/wp\/v2\/media\/147248"}],"wp:attachment":[{"href":"https:\/\/www.caririemacao.com\/1\/wp-json\/wp\/v2\/media?parent=147247"}],"wp:term":[{"taxonomy":"category","embeddable":true,"href":"https:\/\/www.caririemacao.com\/1\/wp-json\/wp\/v2\/categories?post=147247"},{"taxonomy":"post_tag","embeddable":true,"href":"https:\/\/www.caririemacao.com\/1\/wp-json\/wp\/v2\/tags?post=147247"}],"curies":[{"name":"wp","href":"https:\/\/api.w.org\/{rel}","templated":true}]}}