{"id":147250,"date":"2020-01-18T08:06:33","date_gmt":"2020-01-18T11:06:33","guid":{"rendered":"http:\/\/www.caririemacao.com\/1\/?p=147250"},"modified":"2020-01-18T08:06:33","modified_gmt":"2020-01-18T11:06:33","slug":"mp-pede-ao-tcu-suspensao-da-contracao-de-militares-da-reserva-para-o-inss","status":"publish","type":"post","link":"https:\/\/www.caririemacao.com\/1\/2020\/01\/18\/mp-pede-ao-tcu-suspensao-da-contracao-de-militares-da-reserva-para-o-inss\/","title":{"rendered":"MP pede ao TCU suspens\u00e3o da contra\u00e7\u00e3o de militares da reserva para o INSS"},"content":{"rendered":"\n<p>O Minist\u00e9rio P\u00fablico pediu ao Tribunal de Contas da Uni\u00e3o (TCU) que suspenda a contra\u00e7\u00e3o de militares da reserva para atuarem no Instituto Nacional do Seguro Social (INSS).<\/p>\n\n\n\n<p>O pedido foi feito pelo subprocurador-geral do MP no TCU, Lucas Furtado, que questiona a legalidade da medida. Ele alega que a contra\u00e7\u00e3o n\u00e3o poderia ser direcionada apenas a militares da reserva.<\/p>\n\n\n\n<p>\u201cNesse caso, \u00e9 n\u00edtida a reserva de mercado que o governo federal est\u00e1 promovendo para remediar o impasse das filas de processos pendentes de an\u00e1lise\u201d, afirmou o procurador.<\/p>\n\n\n\n<p>A representa\u00e7\u00e3o ser\u00e1 distribu\u00edda a um dos ministros do TCU. Caber\u00e1 a relator atender ou n\u00e3o ao pedido.<\/p>\n\n\n\n<p><strong>MaisPB<\/strong><\/p>\n","protected":false},"excerpt":{"rendered":"<p>O Minist\u00e9rio P\u00fablico pediu ao Tribunal de Contas da Uni\u00e3o (TCU) que suspenda a contra\u00e7\u00e3o de militares da reserva para atuarem no Instituto Nacional do&hellip; <\/p>\n","protected":false},"author":1,"featured_media":147251,"comment_status":"closed","ping_status":"closed","sticky":false,"template":"","format":"standard","meta":{"sfsi_plus_gutenberg_text_before_share":"","sfsi_plus_gutenberg_show_text_before_share":"","sfsi_plus_gutenberg_icon_type":"","sfsi_plus_gutenberg_icon_alignemt":"","sfsi_plus_gutenburg_max_per_row":"","footnotes":""},"categories":[2],"tags":[],"class_list":["post-147250","post","type-post","status-publish","format-standard","has-post-thumbnail","hentry","category-geral"],"_links":{"self":[{"href":"https:\/\/www.caririemacao.com\/1\/wp-json\/wp\/v2\/posts\/147250","targetHints":{"allow":["GET"]}}],"collection":[{"href":"https:\/\/www.caririemacao.com\/1\/wp-json\/wp\/v2\/posts"}],"about":[{"href":"https:\/\/www.caririemacao.com\/1\/wp-json\/wp\/v2\/types\/post"}],"author":[{"embeddable":true,"href":"https:\/\/www.caririemacao.com\/1\/wp-json\/wp\/v2\/users\/1"}],"replies":[{"embeddable":true,"href":"https:\/\/www.caririemacao.com\/1\/wp-json\/wp\/v2\/comments?post=147250"}],"version-history":[{"count":1,"href":"https:\/\/www.caririemacao.com\/1\/wp-json\/wp\/v2\/posts\/147250\/revisions"}],"predecessor-version":[{"id":147252,"href":"https:\/\/www.caririemacao.com\/1\/wp-json\/wp\/v2\/posts\/147250\/revisions\/147252"}],"wp:featuredmedia":[{"embeddable":true,"href":"https:\/\/www.caririemacao.com\/1\/wp-json\/wp\/v2\/media\/147251"}],"wp:attachment":[{"href":"https:\/\/www.caririemacao.com\/1\/wp-json\/wp\/v2\/media?parent=147250"}],"wp:term":[{"taxonomy":"category","embeddable":true,"href":"https:\/\/www.caririemacao.com\/1\/wp-json\/wp\/v2\/categories?post=147250"},{"taxonomy":"post_tag","embeddable":true,"href":"https:\/\/www.caririemacao.com\/1\/wp-json\/wp\/v2\/tags?post=147250"}],"curies":[{"name":"wp","href":"https:\/\/api.w.org\/{rel}","templated":true}]}}