{"id":147256,"date":"2020-01-18T08:16:58","date_gmt":"2020-01-18T11:16:58","guid":{"rendered":"http:\/\/www.caririemacao.com\/1\/?p=147256"},"modified":"2020-01-18T08:16:58","modified_gmt":"2020-01-18T11:16:58","slug":"enem-2019-foi-o-melhor-de-todos-os-tempos-diz-ministro","status":"publish","type":"post","link":"https:\/\/www.caririemacao.com\/1\/2020\/01\/18\/enem-2019-foi-o-melhor-de-todos-os-tempos-diz-ministro\/","title":{"rendered":"Enem 2019 foi o \u201cmelhor de todos os tempos\u201d, diz ministro"},"content":{"rendered":"\n<p>O ministro da Educa\u00e7\u00e3o, Abraham Weintraub, disse hoje (17) que o Exame Nacional do Ensino M\u00e9dio (Enem) de 2019 foi o &#8220;melhor de todos os tempos&#8221;. Junto ao presidente do Instituto Nacional de Estudos e Pesquisas Educacionais An\u00edsio Teixeira (Inep), Alexandre Lopes, o ministro deu entrevista coletiva para divulgar o resultado do desempenho dos 3,9 milh\u00f5es de participantes do exame.<\/p>\n\n\n\n<p>&#8220;[Est\u00e1] tudo mostrando que foi o Enem de todos os tempos. Mostrando que gest\u00e3o e efici\u00eancia e respeito ao dinheiro p\u00fablico s\u00e3o marcas do governo Bolsonaro. Resumidamente, estou muito satisfeito&#8221;, disse Weintraub, que enfatizou como sucesso o fato de n\u00e3o ter havido pol\u00eamicas relacionadas ao Enem. &#8220;N\u00e3o teve pol\u00eamica, foi tudo muito aceito. A gente n\u00e3o teve problema operacional nenhum a cargo do MEC [Minist\u00e9rio da Educa\u00e7\u00e3o]. A \u00fanica coisa que houve, pontualmente, foi uma tentativa de sabotagem, uma pessoal que j\u00e1 est\u00e1 com a Pol\u00edcia Federal. Ent\u00e3o n\u00e3o prejudicou nada&#8221;, afirmou.<\/p>\n\n\n\n<p>As notas individuais do Enem 2019&nbsp;<a href=\"http:\/\/agenciabrasil.ebc.com.br\/educacao\/noticia\/2020-01\/inep-divulga-hoje-notas-do-enem\" target=\"_blank\" rel=\"noreferrer noopener\">foram divulgadas nesta sexta-feira<\/a>&nbsp;pelo Inep e podem ser acessadas na&nbsp;<a href=\"https:\/\/enem.inep.gov.br\/participante\/\" target=\"_blank\" rel=\"noreferrer noopener\">P\u00e1gina do Participante<\/a>&nbsp;e pelo aplicativo do Enem, por meio do n\u00famero de CPF cadastrado e da senha. Quem n\u00e3o lembra da senha para acessar os dados pode recuper\u00e1-la ou mesmo reset\u00e1-la e fazer uma nova.<\/p>\n\n\n\n<p>Durante a coletiva, o presidente do Inep apresentou os&nbsp;<a href=\"http:\/\/portal.mec.gov.br\/images\/17.01.2020_Apresentao_Enem_resultados.pdf\" target=\"_blank\" rel=\"noreferrer noopener\">n\u00famero gerais do exame<\/a>. As m\u00e9dias gerais foram 523,1 para matem\u00e1tica e suas tecnologias; 520,9 para linguagens, c\u00f3digos e suas tecnologias; 508 para ci\u00eancias humanas e suas tecnologias; e 477,8 para ci\u00eancias da natureza e suas tecnologias.<\/p>\n\n\n\n<p>Quanto \u00e0 reda\u00e7\u00e3o, 53 participantes obtiveram a nota m\u00e1xima (1.000) e 143.736 zeraram. Os maiores percentuais de motivos para nota zero foram: reda\u00e7\u00f5es em branco (56.945), fuga do tema (40.624) e c\u00f3pia do texto motivador (23.265). Para os treineiros, que s\u00e3o os que n\u00e3o conclu\u00edram o ensino m\u00e9dio, a m\u00e9dia ficou em 592,9. Estes poder\u00e3o ter acesso \u00e0s notas em mar\u00e7o, assim como ao espelho da reda\u00e7\u00e3o.<\/p>\n\n\n\n<p>Dos 5.095.308 de inscritos, 1.160.151 n\u00e3o compareceram \u00e0s provas, o que correspondente a 22,77% dos inscritos. Destes, 67,28% tiveram direito \u00e0 isen\u00e7\u00e3o da taxa de inscri\u00e7\u00e3o.<\/p>\n\n\n\n<p>O exame tamb\u00e9m ofereceu 38.466 atendimentos especializados (destinados a pessoas com baixa vis\u00e3o, cegueira, vis\u00e3o monocular, defici\u00eancia f\u00edsica, defici\u00eancia auditiva, surdez, defici\u00eancia intelectual (mental), surdocegueira, dislexia, d\u00e9ficit de aten\u00e7\u00e3o, autismo e\/ou discalculia) e 11.654 atendimentos espec\u00edficos (gestante, lactante, idoso, estudante em classe hospitalar e\/ou pessoa com outra condi\u00e7\u00e3o espec\u00edfica).<\/p>\n\n\n\n<p>O presidente do Inep disse ainda que o aumento nos recursos de acessibilidade se refletiu no desempenho dos participantes. Ao todo, foram disponibilizados 53.552 recursos de acessibilidade, como videoprova em Libras, tradutor-int\u00e9rprete de Libras, sala de f\u00e1cil acesso, prova ampliada (com letras maiores), prova em braile, aux\u00edlio para transcri\u00e7\u00e3o e leitura, e o uso de aparelho auditivo ou de implante coclear. &#8220;No caso dos participantes surdos quando a gente colocou mais recursos para eles fazerem as provas houve um aumento substancial no desempenho dos surdos&#8221;, disse Lopes.<\/p>\n\n\n\n<h2 class=\"wp-block-heading\">Enem digital<\/h2>\n\n\n\n<p>O minist\u00e9rio vai realizar, em 2020, uma vers\u00e3o digital do Enem.&nbsp; A aplica\u00e7\u00e3o do exame ser\u00e1 opcional e a estimativa inicial \u00e9 de 50 mil participantes, podendo chegar aos 100 mil. As provas ocorrer\u00e3o nos dias 11 e 18 de outubro, antes do Enem tradicional, marcadas para os dias 1\u00ba e 8 de novembro. A implanta\u00e7\u00e3o do Enem Digital ser\u00e1 progressiva, com previs\u00e3o de consolida\u00e7\u00e3o em 2026.<\/p>\n\n\n\n<p>&#8220;O aluno vai optar entre uma das vers\u00f5es do Enem. A orienta\u00e7\u00e3o do jur\u00eddico [do Inep] \u00e9 que a escolha seja por ordem de inscri\u00e7\u00e3o. O exame vai ser aplicado em 15 capitais, o candidato vai selecionar a cidade e vai pedir a inscri\u00e7\u00e3o, se tiver a vaga ele se inscreve, se n\u00e3o tiver ele ser\u00e1 direcionado para fazer a inscri\u00e7\u00e3o no Enem tradicional&#8221;, informou Lopes.<\/p>\n","protected":false},"excerpt":{"rendered":"<p>O ministro da Educa\u00e7\u00e3o, Abraham Weintraub, disse hoje (17) que o Exame Nacional do Ensino M\u00e9dio (Enem) de 2019 foi o &#8220;melhor de todos os&hellip; <\/p>\n","protected":false},"author":1,"featured_media":127246,"comment_status":"closed","ping_status":"closed","sticky":false,"template":"","format":"standard","meta":{"sfsi_plus_gutenberg_text_before_share":"","sfsi_plus_gutenberg_show_text_before_share":"","sfsi_plus_gutenberg_icon_type":"","sfsi_plus_gutenberg_icon_alignemt":"","sfsi_plus_gutenburg_max_per_row":"","footnotes":""},"categories":[14],"tags":[],"class_list":["post-147256","post","type-post","status-publish","format-standard","has-post-thumbnail","hentry","category-educacao"],"_links":{"self":[{"href":"https:\/\/www.caririemacao.com\/1\/wp-json\/wp\/v2\/posts\/147256","targetHints":{"allow":["GET"]}}],"collection":[{"href":"https:\/\/www.caririemacao.com\/1\/wp-json\/wp\/v2\/posts"}],"about":[{"href":"https:\/\/www.caririemacao.com\/1\/wp-json\/wp\/v2\/types\/post"}],"author":[{"embeddable":true,"href":"https:\/\/www.caririemacao.com\/1\/wp-json\/wp\/v2\/users\/1"}],"replies":[{"embeddable":true,"href":"https:\/\/www.caririemacao.com\/1\/wp-json\/wp\/v2\/comments?post=147256"}],"version-history":[{"count":1,"href":"https:\/\/www.caririemacao.com\/1\/wp-json\/wp\/v2\/posts\/147256\/revisions"}],"predecessor-version":[{"id":147258,"href":"https:\/\/www.caririemacao.com\/1\/wp-json\/wp\/v2\/posts\/147256\/revisions\/147258"}],"wp:featuredmedia":[{"embeddable":true,"href":"https:\/\/www.caririemacao.com\/1\/wp-json\/wp\/v2\/media\/127246"}],"wp:attachment":[{"href":"https:\/\/www.caririemacao.com\/1\/wp-json\/wp\/v2\/media?parent=147256"}],"wp:term":[{"taxonomy":"category","embeddable":true,"href":"https:\/\/www.caririemacao.com\/1\/wp-json\/wp\/v2\/categories?post=147256"},{"taxonomy":"post_tag","embeddable":true,"href":"https:\/\/www.caririemacao.com\/1\/wp-json\/wp\/v2\/tags?post=147256"}],"curies":[{"name":"wp","href":"https:\/\/api.w.org\/{rel}","templated":true}]}}