{"id":147259,"date":"2020-01-18T08:18:53","date_gmt":"2020-01-18T11:18:53","guid":{"rendered":"http:\/\/www.caririemacao.com\/1\/?p=147259"},"modified":"2020-01-18T08:18:53","modified_gmt":"2020-01-18T11:18:53","slug":"internacional-e-corinthians-avancam-na-copa-sao-paulo","status":"publish","type":"post","link":"https:\/\/www.caririemacao.com\/1\/2020\/01\/18\/internacional-e-corinthians-avancam-na-copa-sao-paulo\/","title":{"rendered":"Internacional e Corinthians avan\u00e7am na Copa S\u00e3o Paulo"},"content":{"rendered":"\n<p>O Internacional e o Corinthians garantiram nesta sexta (17) a classifica\u00e7\u00e3o para as semifinais da Copa S\u00e3o Paulo de Futebol J\u00fanior. As duas equipes jogar\u00e3o entre si na pr\u00f3xima fase da competi\u00e7\u00e3o em data e local que ainda ser\u00e3o definidos pela Federa\u00e7\u00e3o Paulista de Futebol.<\/p>\n\n\n\n<p>O primeiro a se classificar foi o Internacional. Jogando na Arena Fonte Luminosa, em Araraquara, o time ga\u00facho derrotou o Botafogo-SP por 2 a 0.<\/p>\n\n\n\n<p>A vit\u00f3ria do colorado come\u00e7ou a ser constru\u00edda aos 6 minutos de partida, quando Praxedes aproveitou bola que sobrou na entrada da \u00e1rea para bater colocado para marcar um gola\u00e7o.<\/p>\n\n\n\n<p>O segundo gol do Inter saiu ainda na primeira etapa, aos 30 minutos, quando Mazetti levantou a bola na \u00e1rea para gol de cabe\u00e7a de Cesinha.<\/p>\n\n\n\n<p>O advers\u00e1rio do colorado na semifinal da Copinha ser\u00e1 o Cortinthians, que, jogando no est\u00e1dio Lanch\u00e3o, em Franca, bateu o Athletico-PR por 1 a 0.<\/p>\n\n\n\n<p>Daniel Marcos marcou o \u00fanico gol da partida, aos 27 minutos do primeiro tempo, com uma bomba de dentro da \u00e1rea.<\/p>\n\n\n\n<h2 class=\"wp-block-heading\">Outra semifinal<\/h2>\n\n\n\n<p>A outra semifinal da Copa S\u00e3o Paulo ser\u00e1 definida no pr\u00f3ximo s\u00e1bado. Ela ser\u00e1 formada pelos vencedores de Vasco x Gr\u00eamio e de Oeste x S\u00e3o Paulo.<\/p>\n","protected":false},"excerpt":{"rendered":"<p>O Internacional e o Corinthians garantiram nesta sexta (17) a classifica\u00e7\u00e3o para as semifinais da Copa S\u00e3o Paulo de Futebol J\u00fanior. As duas equipes jogar\u00e3o&hellip; <\/p>\n","protected":false},"author":1,"featured_media":103446,"comment_status":"closed","ping_status":"closed","sticky":false,"template":"","format":"standard","meta":{"sfsi_plus_gutenberg_text_before_share":"","sfsi_plus_gutenberg_show_text_before_share":"","sfsi_plus_gutenberg_icon_type":"","sfsi_plus_gutenberg_icon_alignemt":"","sfsi_plus_gutenburg_max_per_row":"","footnotes":""},"categories":[13],"tags":[],"class_list":["post-147259","post","type-post","status-publish","format-standard","has-post-thumbnail","hentry","category-esportes"],"_links":{"self":[{"href":"https:\/\/www.caririemacao.com\/1\/wp-json\/wp\/v2\/posts\/147259","targetHints":{"allow":["GET"]}}],"collection":[{"href":"https:\/\/www.caririemacao.com\/1\/wp-json\/wp\/v2\/posts"}],"about":[{"href":"https:\/\/www.caririemacao.com\/1\/wp-json\/wp\/v2\/types\/post"}],"author":[{"embeddable":true,"href":"https:\/\/www.caririemacao.com\/1\/wp-json\/wp\/v2\/users\/1"}],"replies":[{"embeddable":true,"href":"https:\/\/www.caririemacao.com\/1\/wp-json\/wp\/v2\/comments?post=147259"}],"version-history":[{"count":1,"href":"https:\/\/www.caririemacao.com\/1\/wp-json\/wp\/v2\/posts\/147259\/revisions"}],"predecessor-version":[{"id":147260,"href":"https:\/\/www.caririemacao.com\/1\/wp-json\/wp\/v2\/posts\/147259\/revisions\/147260"}],"wp:featuredmedia":[{"embeddable":true,"href":"https:\/\/www.caririemacao.com\/1\/wp-json\/wp\/v2\/media\/103446"}],"wp:attachment":[{"href":"https:\/\/www.caririemacao.com\/1\/wp-json\/wp\/v2\/media?parent=147259"}],"wp:term":[{"taxonomy":"category","embeddable":true,"href":"https:\/\/www.caririemacao.com\/1\/wp-json\/wp\/v2\/categories?post=147259"},{"taxonomy":"post_tag","embeddable":true,"href":"https:\/\/www.caririemacao.com\/1\/wp-json\/wp\/v2\/tags?post=147259"}],"curies":[{"name":"wp","href":"https:\/\/api.w.org\/{rel}","templated":true}]}}