{"id":147262,"date":"2020-01-18T08:59:15","date_gmt":"2020-01-18T11:59:15","guid":{"rendered":"http:\/\/www.caririemacao.com\/1\/?p=147262"},"modified":"2020-01-18T08:59:15","modified_gmt":"2020-01-18T11:59:15","slug":"feriados-em-dias-uteis-podem-gerar-perda-de-r-20-bilhoes-este-ano","status":"publish","type":"post","link":"https:\/\/www.caririemacao.com\/1\/2020\/01\/18\/feriados-em-dias-uteis-podem-gerar-perda-de-r-20-bilhoes-este-ano\/","title":{"rendered":"Feriados em dias \u00fateis podem gerar perda de R$ 20 bilh\u00f5es este ano"},"content":{"rendered":"\n<p>\u00c0 exce\u00e7\u00e3o das atividades econ\u00f4micas ligadas ao turismo, o com\u00e9rcio nacional deve ter neste ano preju\u00edzo de cerca de R$ 19,6 bilh\u00f5es com os feriados que caem em dias \u00fateis, 12% a mais que as perdas registradas em 2019, que ficaram em torno de R$ 17,4 bilh\u00f5es. A estimativa foi divulgada nesta sexta-feira (17) pela Confedera\u00e7\u00e3o Nacional do Com\u00e9rcio de Bens, Servi\u00e7os e Turismo (CNC). A entidade diz que os feriados em dias \u00fateis reduzem o n\u00edvel de atividade do com\u00e9rcio que, por outro lado, pode enfrentar aumento dos custos de opera\u00e7\u00e3o.<\/p>\n\n\n\n<p>De acordo com o economista da CNC Fabio Bentes, por causa das horas extras que t\u00eam de ser pagas aos empregados, a folha de pagamento \u00e9 a principal fonte dos preju\u00edzos impostos ao com\u00e9rcio pelos feriados. &#8220;O peso relativamente elevado da folha de pagamentos na atividade comercial acaba comprimindo as margens de opera\u00e7\u00e3o do setor\u201d por causa do fechamento das lojas, ou da diminui\u00e7\u00e3o do fluxo de consumidores, disse Bentes. Ele acrescentou que isso acaba ocorrendo mesmo que as vendas sejam parcialmente compensadas nos dias imediatamente anteriores ou posteriores aos feriados.&nbsp;<\/p>\n\n\n\n<p>Bentes destacou que o \u00fanico feriado que n\u00e3o impactar\u00e1 o setor do com\u00e9rcio \u00e9 o da Proclama\u00e7\u00e3o da Rep\u00fablica, em 15 de novembro, que cair\u00e1 em um domingo.<\/p>\n\n\n\n<p>Segundo a CNC, cada feriado diminui a rentabilidade m\u00e9dia do setor do com\u00e9rcio, incluindo varejo e atacado, em 8,4%. Para os segmentos de hiper e supermercados, lojas de utilidades dom\u00e9sticas e de vestu\u00e1rio e cal\u00e7ados, que respondem, juntos, por 56% do emprego no varejo nacional, as taxas de perdas mensais atingem11,5%, 11,6% e 16,7%, respectivamente.<\/p>\n\n\n\n<p>Os estados que tendem a concentrar 57% das perdas estimadas s\u00e3o S\u00e3o Paulo (menos R$ 5,62 bilh\u00f5es), Minas Gerais (-R$ 2,09 bilh\u00f5es), Rio de Janeiro (-R$ 2,06 bilh\u00f5es) e Paran\u00e1 (-R$ 1,42 bilh\u00e3o).<\/p>\n","protected":false},"excerpt":{"rendered":"<p>\u00c0 exce\u00e7\u00e3o das atividades econ\u00f4micas ligadas ao turismo, o com\u00e9rcio nacional deve ter neste ano preju\u00edzo de cerca de R$ 19,6 bilh\u00f5es com os feriados&hellip; <\/p>\n","protected":false},"author":1,"featured_media":147263,"comment_status":"closed","ping_status":"closed","sticky":false,"template":"","format":"standard","meta":{"sfsi_plus_gutenberg_text_before_share":"","sfsi_plus_gutenberg_show_text_before_share":"","sfsi_plus_gutenberg_icon_type":"","sfsi_plus_gutenberg_icon_alignemt":"","sfsi_plus_gutenburg_max_per_row":"","footnotes":""},"categories":[2],"tags":[],"class_list":["post-147262","post","type-post","status-publish","format-standard","has-post-thumbnail","hentry","category-geral"],"_links":{"self":[{"href":"https:\/\/www.caririemacao.com\/1\/wp-json\/wp\/v2\/posts\/147262","targetHints":{"allow":["GET"]}}],"collection":[{"href":"https:\/\/www.caririemacao.com\/1\/wp-json\/wp\/v2\/posts"}],"about":[{"href":"https:\/\/www.caririemacao.com\/1\/wp-json\/wp\/v2\/types\/post"}],"author":[{"embeddable":true,"href":"https:\/\/www.caririemacao.com\/1\/wp-json\/wp\/v2\/users\/1"}],"replies":[{"embeddable":true,"href":"https:\/\/www.caririemacao.com\/1\/wp-json\/wp\/v2\/comments?post=147262"}],"version-history":[{"count":1,"href":"https:\/\/www.caririemacao.com\/1\/wp-json\/wp\/v2\/posts\/147262\/revisions"}],"predecessor-version":[{"id":147264,"href":"https:\/\/www.caririemacao.com\/1\/wp-json\/wp\/v2\/posts\/147262\/revisions\/147264"}],"wp:featuredmedia":[{"embeddable":true,"href":"https:\/\/www.caririemacao.com\/1\/wp-json\/wp\/v2\/media\/147263"}],"wp:attachment":[{"href":"https:\/\/www.caririemacao.com\/1\/wp-json\/wp\/v2\/media?parent=147262"}],"wp:term":[{"taxonomy":"category","embeddable":true,"href":"https:\/\/www.caririemacao.com\/1\/wp-json\/wp\/v2\/categories?post=147262"},{"taxonomy":"post_tag","embeddable":true,"href":"https:\/\/www.caririemacao.com\/1\/wp-json\/wp\/v2\/tags?post=147262"}],"curies":[{"name":"wp","href":"https:\/\/api.w.org\/{rel}","templated":true}]}}