{"id":147268,"date":"2020-01-18T09:01:24","date_gmt":"2020-01-18T12:01:24","guid":{"rendered":"http:\/\/www.caririemacao.com\/1\/?p=147268"},"modified":"2020-01-18T09:01:24","modified_gmt":"2020-01-18T12:01:24","slug":"pre-olimpico-selecao-sub-23-estreia-contra-o-peru-no-domingo","status":"publish","type":"post","link":"https:\/\/www.caririemacao.com\/1\/2020\/01\/18\/pre-olimpico-selecao-sub-23-estreia-contra-o-peru-no-domingo\/","title":{"rendered":"Pr\u00e9-Ol\u00edmpico: sele\u00e7\u00e3o sub-23 estreia contra o Peru no domingo"},"content":{"rendered":"\n<p>A sele\u00e7\u00e3o brasileira sub-23 come\u00e7a neste domingo (19) sua jornada em busca da vaga ol\u00edmpica. O Brasil estreia contra o Peru no Pr\u00e9-Ol\u00edmpico Sul-Americano, na Col\u00f4mbia, que come\u00e7a amanha&nbsp;(18) e prossegue at\u00e9 9 de fevereiro. &nbsp;O jogo de estreia da sele\u00e7\u00e3o, v\u00e1lido pela primeira rodada da fase de grupos, ter\u00e1 in\u00edcio \u00e0s 22h30 (hor\u00e1rio de Bras\u00edlia) de domingo, no Est\u00e1dio Centen\u00e1rio da cidade de Arm\u00eania, a 280 quil\u00f4metros (km) da capital Bogot\u00e1.<\/p>\n\n\n\n<figure class=\"wp-block-image\"><img decoding=\"async\" data-src=\"http:\/\/imagens.ebc.com.br\/tfh2H-6Ww0izDhYnaNC8XuC1_F8=\/754x0\/smart\/http:\/\/agenciabrasil.ebc.com.br\/sites\/default\/files\/thumbnails\/image\/20200117000239_398.jpeg?itok=oy_152-H\" alt=\"Ricardo Gra\u00e7a, convocado para a Sele\u00e7\u00e3o Ol\u00edmpica\n\" src=\"data:image\/svg+xml;base64,PHN2ZyB3aWR0aD0iMSIgaGVpZ2h0PSIxIiB4bWxucz0iaHR0cDovL3d3dy53My5vcmcvMjAwMC9zdmciPjwvc3ZnPg==\" class=\"lazyload\" \/><\/figure>\n\n\n\n<p>Ricardo Gra\u00e7a, zagueiro do Vasco, foi o \u00faltimo a ser&nbsp;convocado para a Sele\u00e7\u00e3o Ol\u00edmpica &#8211;&nbsp;<strong>Paulo Fernandes\/Vasco.com.br<\/strong><\/p>\n\n\n\n<p>O \u00faltimo a integrar a equipe brasileira foi o zagueiro Ricardo Gra\u00e7a, convocado na noite de ontem (16) pelo t\u00e9cnico Andr\u00e9 Jardine. Ele vai substituir o jogador Walce, do S\u00e3o Paulo, cortado na \u00faltima segunda (13) devido a uma grave les\u00e3o (ruptura no ligamento cruzado do joelho esquerdo). O jogador se machucou sozinho, durante um amistoso no \u00faltimo domingo (12) contra o Boavista,&nbsp;e ter\u00e1 de passar por cirurgia.<\/p>\n\n\n\n<p>Atual campe\u00e3 ol\u00edmpica \u2013 o ouro foi conquistado pela primeira vez na Rio 2016 \u2013 a sele\u00e7\u00e3o est\u00e1 no grupo B que, al\u00e9m do Peru, tem ainda Uruguai, Bol\u00edvia e Paraguai.&nbsp;No grupo A est\u00e3o Argentina, Chile, Col\u00f4mbia, Equador e Venezuela. Os dois melhores de cada chave avan\u00e7am para o quadrangular final, e apenas dois v\u00e3o carimbar o passaporte rumo aos Jogos Ol\u00edmpicos de T\u00f3quio, em julho, no Jap\u00e3o.<\/p>\n\n\n\n<p>Confira a lista dos 23 jogadores convocados para o Pr\u00e9-Ol\u00edmpico Sul-Americano:<\/p>\n\n\n\n<p><strong>Goleiros:<\/strong>&nbsp;Cleiton (Atl\u00e9tico-MG), Ivan (Ponte Preta) e Phelipe (Gr\u00eamio).<br><br><strong>Laterais-direitos:&nbsp;<\/strong>Dod\u00f4 (Shakhtar Donetsk-Ucr\u00e2nia) e Guga (Atl\u00e9tico-MG).<br><br><strong>Laterais-esquerdos:<\/strong>&nbsp;Iago (Augsburg-Alemanha) e Caio Henrique (Fluminense).<br><br><strong>Zagueiros<\/strong>: Nino (Fluminense), Bruno Fuchs (Internacional), Robson Bambu (Athletico-PR) e Ricardo Gra\u00e7a (Vasco).<br><br><strong>Meio-campistas:<\/strong>&nbsp;Bruno Guimar\u00e3es (Athletico-PR), Maycon (Shakhtar Donetsk-Ucr\u00e2nia), Igor Gomes (S\u00e3o Paulo), Matheus Henrique (Gr\u00eamio), Reinier (Flamengo) e Bruno Tabata (Portimonense- Portugal).<br><br><strong>Atacantes:<\/strong>&nbsp;Antony (S\u00e3o Paulo), Pep\u00ea (Gr\u00eamio), Matheus Cunha (RB Leipzig-Alemanh\u00e3), Paulinho (Bayer Leverkusen-Alemanha), Pedrinho (Corinthians) e Yuri Alberto (Santos).<\/p>\n","protected":false},"excerpt":{"rendered":"<p>A sele\u00e7\u00e3o brasileira sub-23 come\u00e7a neste domingo (19) sua jornada em busca da vaga ol\u00edmpica. O Brasil estreia contra o Peru no Pr\u00e9-Ol\u00edmpico Sul-Americano, na&hellip; <\/p>\n","protected":false},"author":1,"featured_media":147272,"comment_status":"closed","ping_status":"closed","sticky":false,"template":"","format":"standard","meta":{"sfsi_plus_gutenberg_text_before_share":"","sfsi_plus_gutenberg_show_text_before_share":"","sfsi_plus_gutenberg_icon_type":"","sfsi_plus_gutenberg_icon_alignemt":"","sfsi_plus_gutenburg_max_per_row":"","footnotes":""},"categories":[50,13],"tags":[],"class_list":["post-147268","post","type-post","status-publish","format-standard","has-post-thumbnail","hentry","category-destaque","category-esportes"],"_links":{"self":[{"href":"https:\/\/www.caririemacao.com\/1\/wp-json\/wp\/v2\/posts\/147268","targetHints":{"allow":["GET"]}}],"collection":[{"href":"https:\/\/www.caririemacao.com\/1\/wp-json\/wp\/v2\/posts"}],"about":[{"href":"https:\/\/www.caririemacao.com\/1\/wp-json\/wp\/v2\/types\/post"}],"author":[{"embeddable":true,"href":"https:\/\/www.caririemacao.com\/1\/wp-json\/wp\/v2\/users\/1"}],"replies":[{"embeddable":true,"href":"https:\/\/www.caririemacao.com\/1\/wp-json\/wp\/v2\/comments?post=147268"}],"version-history":[{"count":1,"href":"https:\/\/www.caririemacao.com\/1\/wp-json\/wp\/v2\/posts\/147268\/revisions"}],"predecessor-version":[{"id":147273,"href":"https:\/\/www.caririemacao.com\/1\/wp-json\/wp\/v2\/posts\/147268\/revisions\/147273"}],"wp:featuredmedia":[{"embeddable":true,"href":"https:\/\/www.caririemacao.com\/1\/wp-json\/wp\/v2\/media\/147272"}],"wp:attachment":[{"href":"https:\/\/www.caririemacao.com\/1\/wp-json\/wp\/v2\/media?parent=147268"}],"wp:term":[{"taxonomy":"category","embeddable":true,"href":"https:\/\/www.caririemacao.com\/1\/wp-json\/wp\/v2\/categories?post=147268"},{"taxonomy":"post_tag","embeddable":true,"href":"https:\/\/www.caririemacao.com\/1\/wp-json\/wp\/v2\/tags?post=147268"}],"curies":[{"name":"wp","href":"https:\/\/api.w.org\/{rel}","templated":true}]}}