{"id":147275,"date":"2020-01-18T09:03:09","date_gmt":"2020-01-18T12:03:09","guid":{"rendered":"http:\/\/www.caririemacao.com\/1\/?p=147275"},"modified":"2020-01-18T09:03:09","modified_gmt":"2020-01-18T12:03:09","slug":"bolsonaro-deve-assinar-de-10-a-12-acordos-comerciais-em-viagem-a-india","status":"publish","type":"post","link":"https:\/\/www.caririemacao.com\/1\/2020\/01\/18\/bolsonaro-deve-assinar-de-10-a-12-acordos-comerciais-em-viagem-a-india\/","title":{"rendered":"Bolsonaro deve assinar de 10 a 12 acordos comerciais em viagem \u00e0 \u00cdndia"},"content":{"rendered":"\n<p>A viagem do presidente Jair Bolsonaro a Nova Delhi, na \u00cdndia, para uma visita de Estado, entre os dias 24 e 27 de janeiro, deve ter como destaque a assinatura de 10 a 12 acordos ligados ao com\u00e9rcio e a investimentos, informou hoje (17) o Minist\u00e9rio das Rela\u00e7\u00f5es Exteriores.<\/p>\n\n\n\n<p>Em 2019, o Brasil exportou US$ 2,76 bilh\u00f5es para a \u00cdndia, n\u00famero considerado baixo pelo governo, que v\u00ea potencial de crescimento sobretudo nas \u00e1reas de alimentos e energia. No ano passado, foi registrado um d\u00e9ficit comercial de US$ 1,49 bilh\u00f5es na rela\u00e7\u00e3o com o pa\u00eds asi\u00e1tico, uma revers\u00e3o do super\u00e1vit de US$ 246 milh\u00f5es de 2018, segundo dados atualizados do Minist\u00e9rio da Economia.<\/p>\n\n\n\n<p>\u201cH\u00e1 muito potencial a ser explorado\u201d, disse o embaixador Reinaldo Jos\u00e9 de Almeida Salgado, secret\u00e1rio de Negocia\u00e7\u00f5es Bilaterais na \u00c1sia, Pac\u00edfico e R\u00fassia. \u201cExiste algo a melhorar, e isso \u00e9 um dos objetivos da visita\u201d, afirmou.<\/p>\n\n\n\n<figure class=\"wp-block-image\"><img decoding=\"async\" data-src=\"http:\/\/imagens.ebc.com.br\/M3G8TwWwy1kYQWo-V5jHCUOrHqY=\/754x0\/smart\/http:\/\/agenciabrasil.ebc.com.br\/sites\/default\/files\/thumbnails\/image\/jfcrz_abr_151019750.jpg?itok=tQXfejzY\" alt=\"O secret\u00e1rio de Negocia\u00e7\u00f5es Bilaterais na \u00c1sia, Pac\u00edfico e R\u00fassia, do MRE, embaixador Reinaldo Jos\u00e9 de Almeida Salgado,fala \u00e0 imprensa no Pal\u00e1cio Itamaraty.\" src=\"data:image\/svg+xml;base64,PHN2ZyB3aWR0aD0iMSIgaGVpZ2h0PSIxIiB4bWxucz0iaHR0cDovL3d3dy53My5vcmcvMjAwMC9zdmciPjwvc3ZnPg==\" class=\"lazyload\" \/><\/figure>\n\n\n\n<h6 class=\"wp-block-heading\">Secret\u00e1rio de Negocia\u00e7\u00f5es Bilaterais na \u00c1sia, Pac\u00edfico e R\u00fassia, do MRE, embaixador Reinaldo Jos\u00e9 de Almeida Salgado, fala \u00e0 imprensa no Itamaraty &#8211;&nbsp;<strong>Jos\u00e9 Cruz\/Ag\u00eancia Brasil<\/strong><br><\/h6>\n\n\n\n<p>Brasil e \u00cdndia devem assinar acordos para facilitar os investimentos m\u00fatuos e de coopera\u00e7\u00e3o nas \u00e1reas de seguran\u00e7a cibern\u00e9tica, bioenergia e sa\u00fade, destacou o embaixador.<\/p>\n\n\n\n<p>\u201cO objetivo [da viagem de Bolsonaro] \u00e9 ter esse olhar espec\u00edfico para a \u00c1sia, que \u00e9 de longe a regi\u00e3o mais din\u00e2mica do mundo e tamb\u00e9m uma regi\u00e3o que tem 65% da popula\u00e7\u00e3o mundial. Com a \u00cdndia, ainda temos muito espa\u00e7o para melhorar o com\u00e9rcio\u201d, refor\u00e7ou o diplomata.<\/p>\n\n\n\n<p>Ao menos seis ministros est\u00e3o confirmados na comitiva presidencial: Ernesto Ara\u00fajo (Rela\u00e7\u00f5es Exteriores), Tereza Cristina (Agricultura), Bento Albuquerque (Minas e Energia), Marcos Pontes (Ci\u00eancia e Tecnologia), Augusto Heleno (Gabinete de Seguran\u00e7a Institucional) e Osmar Terra (Cidadania).<\/p>\n\n\n\n<p>Em 25 de janeiro, Bolsonaro tem na agenda todo protocolo relacionado a uma visita de Estado, incluindo reuni\u00f5es com o presidente indiano, Ram Nath Kovind, e o primeiro-ministro Narendra Modi, bem como a ida ao Memorial de Gandhi. No dia 26, participar\u00e1, como convidado, das comemora\u00e7\u00f5es do Dia da Rep\u00fablica, e em 27 de janeiro mant\u00e9m encontros com empres\u00e1rios indianos.<\/p>\n\n\n\n<h2 class=\"wp-block-heading\">Vistos<\/h2>\n\n\n\n<p>Apesar de o governo trabalhar nesse sentido, Bolsonaro n\u00e3o deve anunciar durante a viagem a isen\u00e7\u00e3o de visto de entrada para turistas indianos. Isso porque ainda est\u00e3o em andamento estudos que permitam viabilizar a medida, segundo o governo.<\/p>\n\n\n\n<p>\u201cNo momento atual n\u00e3o estou seguro de que esta an\u00e1lise interna poder\u00e1 ser conclu\u00edda antes da visita\u201d, disse o embaixador Salgado.<\/p>\n\n\n\n<p>No ano passado, o Brasil isentou de visto de entrada os turistas provenientes de Jap\u00e3o, Austr\u00e1lia, Canad\u00e1 e Estados Unidos. A medida foi tomada sem que houvesse reciprocidade desses pa\u00edses em rela\u00e7\u00e3o aos turistas brasileiros.<\/p>\n","protected":false},"excerpt":{"rendered":"<p>A viagem do presidente Jair Bolsonaro a Nova Delhi, na \u00cdndia, para uma visita de Estado, entre os dias 24 e 27 de janeiro, deve&hellip; <\/p>\n","protected":false},"author":1,"featured_media":146867,"comment_status":"closed","ping_status":"closed","sticky":false,"template":"","format":"standard","meta":{"sfsi_plus_gutenberg_text_before_share":"","sfsi_plus_gutenberg_show_text_before_share":"","sfsi_plus_gutenberg_icon_type":"","sfsi_plus_gutenberg_icon_alignemt":"","sfsi_plus_gutenburg_max_per_row":"","footnotes":""},"categories":[50,11],"tags":[],"class_list":["post-147275","post","type-post","status-publish","format-standard","has-post-thumbnail","hentry","category-destaque","category-politica"],"_links":{"self":[{"href":"https:\/\/www.caririemacao.com\/1\/wp-json\/wp\/v2\/posts\/147275","targetHints":{"allow":["GET"]}}],"collection":[{"href":"https:\/\/www.caririemacao.com\/1\/wp-json\/wp\/v2\/posts"}],"about":[{"href":"https:\/\/www.caririemacao.com\/1\/wp-json\/wp\/v2\/types\/post"}],"author":[{"embeddable":true,"href":"https:\/\/www.caririemacao.com\/1\/wp-json\/wp\/v2\/users\/1"}],"replies":[{"embeddable":true,"href":"https:\/\/www.caririemacao.com\/1\/wp-json\/wp\/v2\/comments?post=147275"}],"version-history":[{"count":1,"href":"https:\/\/www.caririemacao.com\/1\/wp-json\/wp\/v2\/posts\/147275\/revisions"}],"predecessor-version":[{"id":147276,"href":"https:\/\/www.caririemacao.com\/1\/wp-json\/wp\/v2\/posts\/147275\/revisions\/147276"}],"wp:featuredmedia":[{"embeddable":true,"href":"https:\/\/www.caririemacao.com\/1\/wp-json\/wp\/v2\/media\/146867"}],"wp:attachment":[{"href":"https:\/\/www.caririemacao.com\/1\/wp-json\/wp\/v2\/media?parent=147275"}],"wp:term":[{"taxonomy":"category","embeddable":true,"href":"https:\/\/www.caririemacao.com\/1\/wp-json\/wp\/v2\/categories?post=147275"},{"taxonomy":"post_tag","embeddable":true,"href":"https:\/\/www.caririemacao.com\/1\/wp-json\/wp\/v2\/tags?post=147275"}],"curies":[{"name":"wp","href":"https:\/\/api.w.org\/{rel}","templated":true}]}}