{"id":147281,"date":"2020-01-18T09:06:37","date_gmt":"2020-01-18T12:06:37","guid":{"rendered":"http:\/\/www.caririemacao.com\/1\/?p=147281"},"modified":"2020-01-18T09:06:37","modified_gmt":"2020-01-18T12:06:37","slug":"sancionado-o-fundo-eleitoral-para-o-pleito-de-2020","status":"publish","type":"post","link":"https:\/\/www.caririemacao.com\/1\/2020\/01\/18\/sancionado-o-fundo-eleitoral-para-o-pleito-de-2020\/","title":{"rendered":"Sancionado o fundo eleitoral para o pleito de 2020"},"content":{"rendered":"\n<p>&nbsp;O presidente Jair Bolsonaro sancionou a LOA (Lei Or\u00e7ament\u00e1ria Anual) de 2020, com o fundo eleitoral de R$ 2 bilh\u00f5es. N\u00e3o houve vetos.<\/p>\n\n\n\n<p>A medida foi anunciada pelo ministro-chefe da Secretaria-Geral, Jorge Oliveira, na noite desta sexta-feira (17), no Twitter.<\/p>\n\n\n\n<p>\u201cO PR @jairbolsonaro sancionou integralmente a LOA-2020, que estima a receita e fixa as despesas da Uni\u00e3o para o corrente ano, dentro da meta prevista na Lei de Diretrizes Or\u00e7ament\u00e1rias\u201d, escreveu o ministro.<\/p>\n\n\n\n<p>Em dezembro, o Legislativo definiu o valor a ser repassado para o&nbsp;fundo p\u00fablico que financiar\u00e1 campanhas em 2020.<\/p>\n\n\n\n<p>O projeto inicial dos deputados era destinar R$ 3,8 bilh\u00f5es para o fund\u00e3o, mas, ap\u00f3s press\u00e3o, a&nbsp;quantia foi reduzida para R$ 2 bilh\u00f5es. Em 2018, \u00faltimo ano eleitoral, foram distribu\u00eddos cerca de R$ 1,7 bilh\u00e3o.<\/p>\n\n\n\n<p>Um dia depois, por\u00e9m, Bolsonaro criticou o&nbsp;valor do fundo eleitoral&nbsp;e indicou que cogitava vet\u00e1-lo.<\/p>\n\n\n\n<p>Depois, voltou atr\u00e1s.&nbsp;Em transmiss\u00e3o nas redes sociais, sugeriu que, se n\u00e3o sancionasse o fund\u00e3o, poderia ser alvo de um processo de impeachment.<\/p>\n\n\n\n<p>\u201cO Congresso pode entender que eu, ao vetar [o fundo eleitora], atentei contra esse dispositivo constitucional [artigo 85 da Constitui\u00e7\u00e3o, que trata de crimes de responsabilidade] e isso se tornar um processo de impeachment contra mim. Eu estou aguardando o parecer final da minha assessoria jur\u00eddica, mas o preliminar \u00e9 que eu tenho que sancionar\u201d, disse.<\/p>\n\n\n\n<p>O presidente tamb\u00e9m afirmou que n\u00e3o tinha responsabilidade sobre o fundo aprovado.<\/p>\n\n\n\n<p>\u201cQuem n\u00e3o queria o fundo partid\u00e1rio tinha que ter brigado l\u00e1 atr\u00e1s. Eu estou vendo uma campanha na internet muito salutar: n\u00e3o vote em quem usa o fund\u00e3o\u201d<\/p>\n","protected":false},"excerpt":{"rendered":"<p>&nbsp;O presidente Jair Bolsonaro sancionou a LOA (Lei Or\u00e7ament\u00e1ria Anual) de 2020, com o fundo eleitoral de R$ 2 bilh\u00f5es. N\u00e3o houve vetos. A medida&hellip; <\/p>\n","protected":false},"author":1,"featured_media":147282,"comment_status":"closed","ping_status":"closed","sticky":false,"template":"","format":"standard","meta":{"sfsi_plus_gutenberg_text_before_share":"","sfsi_plus_gutenberg_show_text_before_share":"","sfsi_plus_gutenberg_icon_type":"","sfsi_plus_gutenberg_icon_alignemt":"","sfsi_plus_gutenburg_max_per_row":"","footnotes":""},"categories":[50,11],"tags":[],"class_list":["post-147281","post","type-post","status-publish","format-standard","has-post-thumbnail","hentry","category-destaque","category-politica"],"_links":{"self":[{"href":"https:\/\/www.caririemacao.com\/1\/wp-json\/wp\/v2\/posts\/147281","targetHints":{"allow":["GET"]}}],"collection":[{"href":"https:\/\/www.caririemacao.com\/1\/wp-json\/wp\/v2\/posts"}],"about":[{"href":"https:\/\/www.caririemacao.com\/1\/wp-json\/wp\/v2\/types\/post"}],"author":[{"embeddable":true,"href":"https:\/\/www.caririemacao.com\/1\/wp-json\/wp\/v2\/users\/1"}],"replies":[{"embeddable":true,"href":"https:\/\/www.caririemacao.com\/1\/wp-json\/wp\/v2\/comments?post=147281"}],"version-history":[{"count":1,"href":"https:\/\/www.caririemacao.com\/1\/wp-json\/wp\/v2\/posts\/147281\/revisions"}],"predecessor-version":[{"id":147283,"href":"https:\/\/www.caririemacao.com\/1\/wp-json\/wp\/v2\/posts\/147281\/revisions\/147283"}],"wp:featuredmedia":[{"embeddable":true,"href":"https:\/\/www.caririemacao.com\/1\/wp-json\/wp\/v2\/media\/147282"}],"wp:attachment":[{"href":"https:\/\/www.caririemacao.com\/1\/wp-json\/wp\/v2\/media?parent=147281"}],"wp:term":[{"taxonomy":"category","embeddable":true,"href":"https:\/\/www.caririemacao.com\/1\/wp-json\/wp\/v2\/categories?post=147281"},{"taxonomy":"post_tag","embeddable":true,"href":"https:\/\/www.caririemacao.com\/1\/wp-json\/wp\/v2\/tags?post=147281"}],"curies":[{"name":"wp","href":"https:\/\/api.w.org\/{rel}","templated":true}]}}