{"id":147286,"date":"2020-01-18T09:07:53","date_gmt":"2020-01-18T12:07:53","guid":{"rendered":"http:\/\/www.caririemacao.com\/1\/?p=147286"},"modified":"2020-01-18T09:07:53","modified_gmt":"2020-01-18T12:07:53","slug":"joao-azevedo-nomeia-professores-aprovados-em-concurso-posse-sera-na-segunda-feira","status":"publish","type":"post","link":"https:\/\/www.caririemacao.com\/1\/2020\/01\/18\/joao-azevedo-nomeia-professores-aprovados-em-concurso-posse-sera-na-segunda-feira\/","title":{"rendered":"Jo\u00e3o Azev\u00eado nomeia professores aprovados em concurso; posse ser\u00e1 na segunda-feira"},"content":{"rendered":"\n<p>As nomea\u00e7\u00f5es dos candidatos aprovados no \u00faltimo concurso da Educa\u00e7\u00e3o, homologado em novembro passado, com mil vagas para professores, foram publicadas no&nbsp;<a href=\"https:\/\/www.clickpb.com.br\/media\/filer_public\/46\/a5\/46a5fdbc-305f-44f8-89f4-4d68bda21c23\/diario_oficial_18-01-2020_total.pdf\">Di\u00e1rio Oficial do Estado<\/a>&nbsp;deste s\u00e1bado (18).<\/p>\n\n\n\n<p>O pr\u00f3ximo passo ser\u00e1 a posse dos nomeados, que ocorrer\u00e1 na pr\u00f3xima segunda-feira (20), na Pra\u00e7a do Povo, no Espa\u00e7o Cultural Jos\u00e9 Lins do R\u00eago, em Jo\u00e3o Pessoa, \u00e0s 10h.<\/p>\n\n\n\n<p>A Secretaria de Estado da Educa\u00e7\u00e3o e da Ci\u00eancia e Tecnologia informou que os convocados poder\u00e3o tomar posse de 20 a 24 de janeiro, no Espa\u00e7o Cultural, ocasi\u00e3o na qual dever\u00e3o apresentar os documentos listados no edital. Ap\u00f3s esse per\u00edodo, a posse ser\u00e1 no Centro Administrativo Estadual, Bloco III, no 3\u00ba andar, no prazo de at\u00e9 30 dias a partir da publica\u00e7\u00e3o do ato de nomea\u00e7\u00e3o.<\/p>\n\n\n\n<p>Os professores empossados iniciar\u00e3o as atividades no dia 10 de fevereiro, in\u00edcio do ano letivo na Rede Estadual de Educa\u00e7\u00e3o. As vagas contemplam as 14 Ger\u00eancias Regionais de Educa\u00e7\u00e3o em12 disciplinas (Artes, Biologia, Educa\u00e7\u00e3o F\u00edsica, F\u00edsica, Geografia, Hist\u00f3ria, L\u00edngua Inglesa, L\u00edngua Espanhola, L\u00edngua Portuguesa, Matem\u00e1tica, Sociologia, Filosofia e Qu\u00edmica).<\/p>\n\n\n\n<p>Por meio do endere\u00e7o eletr\u00f4nico&nbsp;<a href=\"http:\/\/www.sec.pb.gov.br\/intranet\/\">http:\/\/www.sec.pb.gov.br\/intranet\/<\/a>, os profissionais nomeados poder\u00e3o fazer download de normativas que especificam os principais direitos e deveres dos professores da rede p\u00fablica estadual, como: Estatuto do Servidor P\u00fablico Estadual da Para\u00edba, Plano de Cargo e Carreira e Remunera\u00e7\u00e3o do Magist\u00e9rio Estadual.<\/p>\n","protected":false},"excerpt":{"rendered":"<p>As nomea\u00e7\u00f5es dos candidatos aprovados no \u00faltimo concurso da Educa\u00e7\u00e3o, homologado em novembro passado, com mil vagas para professores, foram publicadas no&nbsp;Di\u00e1rio Oficial do Estado&nbsp;deste&hellip; <\/p>\n","protected":false},"author":1,"featured_media":147287,"comment_status":"closed","ping_status":"closed","sticky":false,"template":"","format":"standard","meta":{"sfsi_plus_gutenberg_text_before_share":"","sfsi_plus_gutenberg_show_text_before_share":"","sfsi_plus_gutenberg_icon_type":"","sfsi_plus_gutenberg_icon_alignemt":"","sfsi_plus_gutenburg_max_per_row":"","footnotes":""},"categories":[50,2],"tags":[],"class_list":["post-147286","post","type-post","status-publish","format-standard","has-post-thumbnail","hentry","category-destaque","category-geral"],"_links":{"self":[{"href":"https:\/\/www.caririemacao.com\/1\/wp-json\/wp\/v2\/posts\/147286","targetHints":{"allow":["GET"]}}],"collection":[{"href":"https:\/\/www.caririemacao.com\/1\/wp-json\/wp\/v2\/posts"}],"about":[{"href":"https:\/\/www.caririemacao.com\/1\/wp-json\/wp\/v2\/types\/post"}],"author":[{"embeddable":true,"href":"https:\/\/www.caririemacao.com\/1\/wp-json\/wp\/v2\/users\/1"}],"replies":[{"embeddable":true,"href":"https:\/\/www.caririemacao.com\/1\/wp-json\/wp\/v2\/comments?post=147286"}],"version-history":[{"count":1,"href":"https:\/\/www.caririemacao.com\/1\/wp-json\/wp\/v2\/posts\/147286\/revisions"}],"predecessor-version":[{"id":147288,"href":"https:\/\/www.caririemacao.com\/1\/wp-json\/wp\/v2\/posts\/147286\/revisions\/147288"}],"wp:featuredmedia":[{"embeddable":true,"href":"https:\/\/www.caririemacao.com\/1\/wp-json\/wp\/v2\/media\/147287"}],"wp:attachment":[{"href":"https:\/\/www.caririemacao.com\/1\/wp-json\/wp\/v2\/media?parent=147286"}],"wp:term":[{"taxonomy":"category","embeddable":true,"href":"https:\/\/www.caririemacao.com\/1\/wp-json\/wp\/v2\/categories?post=147286"},{"taxonomy":"post_tag","embeddable":true,"href":"https:\/\/www.caririemacao.com\/1\/wp-json\/wp\/v2\/tags?post=147286"}],"curies":[{"name":"wp","href":"https:\/\/api.w.org\/{rel}","templated":true}]}}