{"id":147298,"date":"2020-01-18T09:15:18","date_gmt":"2020-01-18T12:15:18","guid":{"rendered":"http:\/\/www.caririemacao.com\/1\/?p=147298"},"modified":"2020-01-18T09:15:18","modified_gmt":"2020-01-18T12:15:18","slug":"facebook-desiste-de-vender-anuncios-no-whatsapp-diz-jornal","status":"publish","type":"post","link":"https:\/\/www.caririemacao.com\/1\/2020\/01\/18\/facebook-desiste-de-vender-anuncios-no-whatsapp-diz-jornal\/","title":{"rendered":"Facebook desiste de vender an\u00fancios no WhatsApp, diz jornal"},"content":{"rendered":"\n<p>O Facebook desistiu de vender an\u00fancios no WhatsApp, afirmou o Wall Street Journal, citando fontes a par do assunto. O plano de fazer publicidade no aplicativo de mensagens criou tens\u00e3o dentro da empresa de Mark Zuckerberg e levou os criadores do WhatsApp a se demitirem do Facebook um ano e meio atr\u00e1s.- Continua depois da publicidade &#8211;<\/p>\n\n\n\n\n\n<p>De acordo com as fontes citadas pelo WSJ, nos \u00faltimos meses o WhatsApp p\u00f4s fim a uma equipe que trabalhava na futura integra\u00e7\u00e3o de an\u00fancios ao app. Toda a programa\u00e7\u00e3o feita para mesclar a publicidade ao software foi apagada, disseram as pessoas.<\/p>\n\n\n\n<p>A desist\u00eancia demonstra os problemas que o Facebook vem tendo em tornar o WhatsApp lucrativo. Zuckerberg o adquiriu em 2014 por US$ 22 bilh\u00f5es, mas ele ainda \u00e9 deficit\u00e1rio mesmo com mais de 1,5 bilh\u00e3o de usu\u00e1rios. Antes de ser comprado pelo Facebook, o aplicativo ganhava dinheiro com taxas para downloads e uma assinatura anual de US$ 0,99. Mas, ao adquiri-lo, Zuckerberg o tornou gratuito e, em 2018, anunciou planos para aumentar a receita com ele via an\u00fancios.<\/p>\n\n\n\n<p>Agora, a ideia seria colocar, em algum ponto no futuro, an\u00fancios na fun\u00e7\u00e3o Status, que permite posts passageiros, como no Stories do Instagram. Enquanto isso, o Facebook dever\u00e1 se concentrar em criar fun\u00e7\u00f5es pagas que permitam a empresas se comunicar com clientes via WhatsApp, gerenciando de perto essas intera\u00e7\u00f5es, revelou uma fonte com conhecimento do assunto, segundo o WSJ.<\/p>\n\n\n\n<p>A tentativa de inserir an\u00fancios levou os criadores do WhatsApp, Brian Acton e Jan Koum, a sa\u00edrem do Facebook, levando US$ 1,3 bilh\u00e3o de indeniza\u00e7\u00e3o. Em 2016, a dupla j\u00e1 adicionara aos termos de servi\u00e7o do software a proibi\u00e7\u00e3o do uso de an\u00fancios nele, o que complicou os planos do Facebook.<\/p>\n\n\n\n<p>Em 2014, pouco ap\u00f3s a aquisi\u00e7\u00e3o do WhatsApp pelo Facebook, Zuckerberg disse no Congresso Mundial de Mobilidade, em Barcelona, que \u201cnada mudaria no aplicativo\u201d.<\/p>\n\n\n\n<p>\u2014 Eles (o WhatsApp) poder\u00e3o usar nossa infraestrutura para ganhar escala e crescer mais. Mas continuar\u00e3o aut\u00f4nomos \u2014 garantiu Zuckerberg, no que foi seguido pelo pr\u00f3prio Jan Koum.<\/p>\n\n\n\n<p>Seis anos depois, o desenrolar da hist\u00f3ria se mostrou diferente do prometido. As informa\u00e7\u00f5es s\u00e3o de O Globo.<\/p>\n","protected":false},"excerpt":{"rendered":"<p>O Facebook desistiu de vender an\u00fancios no WhatsApp, afirmou o Wall Street Journal, citando fontes a par do assunto. O plano de fazer publicidade no&hellip; <\/p>\n","protected":false},"author":1,"featured_media":121370,"comment_status":"closed","ping_status":"closed","sticky":false,"template":"","format":"standard","meta":{"sfsi_plus_gutenberg_text_before_share":"","sfsi_plus_gutenberg_show_text_before_share":"","sfsi_plus_gutenberg_icon_type":"","sfsi_plus_gutenberg_icon_alignemt":"","sfsi_plus_gutenburg_max_per_row":"","footnotes":""},"categories":[2],"tags":[],"class_list":["post-147298","post","type-post","status-publish","format-standard","has-post-thumbnail","hentry","category-geral"],"_links":{"self":[{"href":"https:\/\/www.caririemacao.com\/1\/wp-json\/wp\/v2\/posts\/147298","targetHints":{"allow":["GET"]}}],"collection":[{"href":"https:\/\/www.caririemacao.com\/1\/wp-json\/wp\/v2\/posts"}],"about":[{"href":"https:\/\/www.caririemacao.com\/1\/wp-json\/wp\/v2\/types\/post"}],"author":[{"embeddable":true,"href":"https:\/\/www.caririemacao.com\/1\/wp-json\/wp\/v2\/users\/1"}],"replies":[{"embeddable":true,"href":"https:\/\/www.caririemacao.com\/1\/wp-json\/wp\/v2\/comments?post=147298"}],"version-history":[{"count":1,"href":"https:\/\/www.caririemacao.com\/1\/wp-json\/wp\/v2\/posts\/147298\/revisions"}],"predecessor-version":[{"id":147299,"href":"https:\/\/www.caririemacao.com\/1\/wp-json\/wp\/v2\/posts\/147298\/revisions\/147299"}],"wp:featuredmedia":[{"embeddable":true,"href":"https:\/\/www.caririemacao.com\/1\/wp-json\/wp\/v2\/media\/121370"}],"wp:attachment":[{"href":"https:\/\/www.caririemacao.com\/1\/wp-json\/wp\/v2\/media?parent=147298"}],"wp:term":[{"taxonomy":"category","embeddable":true,"href":"https:\/\/www.caririemacao.com\/1\/wp-json\/wp\/v2\/categories?post=147298"},{"taxonomy":"post_tag","embeddable":true,"href":"https:\/\/www.caririemacao.com\/1\/wp-json\/wp\/v2\/tags?post=147298"}],"curies":[{"name":"wp","href":"https:\/\/api.w.org\/{rel}","templated":true}]}}