{"id":147306,"date":"2020-01-18T09:33:07","date_gmt":"2020-01-18T12:33:07","guid":{"rendered":"http:\/\/www.caririemacao.com\/1\/?p=147306"},"modified":"2020-01-18T09:33:07","modified_gmt":"2020-01-18T12:33:07","slug":"monteiro-estadio-feitosao-ja-ganha-forma-para-receber-campeonato-ruralzao","status":"publish","type":"post","link":"https:\/\/www.caririemacao.com\/1\/2020\/01\/18\/monteiro-estadio-feitosao-ja-ganha-forma-para-receber-campeonato-ruralzao\/","title":{"rendered":"MONTEIRO: Est\u00e1dio Feitos\u00e3o j\u00e1 ganha forma para receber Campeonato Ruralz\u00e3o"},"content":{"rendered":"\n<p>A popula\u00e7\u00e3o de Monteiro receber\u00e1 em breve mais um de seus principais equipamentos p\u00fablicos. O Est\u00e1dio Municipal In\u00e1cio Jos\u00e9 Feitosa, O Feitos\u00e3o, que passa por uma ampla reforma realizada com recursos de emendas parlamentares do deputado federal Wellington Roberto e no m\u00eas de agosto ser\u00e1 reaberto para o Campeonato Ruralz\u00e3o 2019\/2020, al\u00e9m de demais pr\u00e1ticas esportivas e de lazer.<\/p>\n\n\n\n<p>\u201cEste era um pleito antigo da nossa popula\u00e7\u00e3o, principalmente os esportistas. Motivo de muitas promessas de campanha, n\u00f3s decidimos arrega\u00e7ar as mangas e bater \u00e0s portas em busca de recursos, que chegaram oriundas de emendas do deputado Wellington Roberto. Assim como em toda obra, pois tivemos alguns atrasos, mas as obras est\u00e3o avan\u00e7adas, e o espa\u00e7o est\u00e1 voltando a ter sua grandeza e logo estar\u00e1 cheio de atividades e com vida novamente\u201d, explicou a prefeita Anna Lorena.<\/p>\n\n\n\n<p>A gestora tem visitado o local durante as obras e acompanhado os servi\u00e7os atrav\u00e9s da dedica\u00e7\u00e3o do secret\u00e1rio de esporte, Rostand Chaves, que tem recebido &nbsp;a grande colabora\u00e7\u00e3o dos funcion\u00e1rios e do secret\u00e1rio de infraestrutura, Conrado Oliveira.<\/p>\n\n\n\n<p>O importante espa\u00e7o j\u00e1 recebia a pr\u00e1tica de futebol, &nbsp;al\u00e9m das caminhadas que a popula\u00e7\u00e3o da localidade realizavam desde as primeiras horas da manh\u00e3, tornando o local sempre movimentado. Est\u00e1dio Feitos\u00e3o est\u00e1 recebendo novos alambrados, pintura geral, reforma das arquibancadas, vesti\u00e1rios, salas de imprensa, al\u00e9m da amplia\u00e7\u00e3o do local com o incremento com a pista de atletismo.<\/p>\n\n\n\n<p>A reinaugura\u00e7\u00e3o est\u00e1 programada para o m\u00eas de agosto onde receber\u00e1 as finais do maior campeonato amador, a Copa Dr. Chico, mais conhecida como Ruralz\u00e3o que movimenta mais de mil pessoas entre organizadores e esportistas, al\u00e9m de levar \u00e0s partidas as torcidas mais animadas.<\/p>\n\n\n\n<p><strong>Est\u00e1dio Municipal Jos\u00e9 In\u00e1cio Feitosa &#8211; Feitos\u00e3o<br><\/strong>Localizado no Centro da cidade, o Est\u00e1dio j\u00e1 foi palco para grandes jogadores e recebeu grandes times e em sua hist\u00f3ria, o Feitos\u00e3o tamb\u00e9m recebeu as estrelas monteirenses: AGA, Tabajara e Socremo que foi fundado em 10 de outubro de 1968, amado e reconhecido at\u00e9 os dias de hoje como o &#8220;Gavi\u00e3o do Cariri&#8221;, que disputou o Campeonato Paraibano at\u00e9 2000, quando foi rebaixado.<\/p>\n","protected":false},"excerpt":{"rendered":"<p>A popula\u00e7\u00e3o de Monteiro receber\u00e1 em breve mais um de seus principais equipamentos p\u00fablicos. O Est\u00e1dio Municipal In\u00e1cio Jos\u00e9 Feitosa, O Feitos\u00e3o, que passa por&hellip; <\/p>\n","protected":false},"author":1,"featured_media":147307,"comment_status":"closed","ping_status":"closed","sticky":false,"template":"","format":"standard","meta":{"sfsi_plus_gutenberg_text_before_share":"","sfsi_plus_gutenberg_show_text_before_share":"","sfsi_plus_gutenberg_icon_type":"","sfsi_plus_gutenberg_icon_alignemt":"","sfsi_plus_gutenburg_max_per_row":"","footnotes":""},"categories":[6],"tags":[],"class_list":["post-147306","post","type-post","status-publish","format-standard","has-post-thumbnail","hentry","category-cidades"],"_links":{"self":[{"href":"https:\/\/www.caririemacao.com\/1\/wp-json\/wp\/v2\/posts\/147306","targetHints":{"allow":["GET"]}}],"collection":[{"href":"https:\/\/www.caririemacao.com\/1\/wp-json\/wp\/v2\/posts"}],"about":[{"href":"https:\/\/www.caririemacao.com\/1\/wp-json\/wp\/v2\/types\/post"}],"author":[{"embeddable":true,"href":"https:\/\/www.caririemacao.com\/1\/wp-json\/wp\/v2\/users\/1"}],"replies":[{"embeddable":true,"href":"https:\/\/www.caririemacao.com\/1\/wp-json\/wp\/v2\/comments?post=147306"}],"version-history":[{"count":1,"href":"https:\/\/www.caririemacao.com\/1\/wp-json\/wp\/v2\/posts\/147306\/revisions"}],"predecessor-version":[{"id":147308,"href":"https:\/\/www.caririemacao.com\/1\/wp-json\/wp\/v2\/posts\/147306\/revisions\/147308"}],"wp:featuredmedia":[{"embeddable":true,"href":"https:\/\/www.caririemacao.com\/1\/wp-json\/wp\/v2\/media\/147307"}],"wp:attachment":[{"href":"https:\/\/www.caririemacao.com\/1\/wp-json\/wp\/v2\/media?parent=147306"}],"wp:term":[{"taxonomy":"category","embeddable":true,"href":"https:\/\/www.caririemacao.com\/1\/wp-json\/wp\/v2\/categories?post=147306"},{"taxonomy":"post_tag","embeddable":true,"href":"https:\/\/www.caririemacao.com\/1\/wp-json\/wp\/v2\/tags?post=147306"}],"curies":[{"name":"wp","href":"https:\/\/api.w.org\/{rel}","templated":true}]}}