{"id":147312,"date":"2020-01-18T09:34:15","date_gmt":"2020-01-18T12:34:15","guid":{"rendered":"http:\/\/www.caririemacao.com\/1\/?p=147312"},"modified":"2020-01-18T09:34:15","modified_gmt":"2020-01-18T12:34:15","slug":"filme-feito-por-atriz-paraibana-e-que-aborda-violencia-contra-a-mulher-comeca-a-ser-gravado-no-cariri","status":"publish","type":"post","link":"https:\/\/www.caririemacao.com\/1\/2020\/01\/18\/filme-feito-por-atriz-paraibana-e-que-aborda-violencia-contra-a-mulher-comeca-a-ser-gravado-no-cariri\/","title":{"rendered":"Filme feito por atriz paraibana e que aborda viol\u00eancia contra a mulher come\u00e7a a ser gravado no Cariri"},"content":{"rendered":"\n<p>Curta-metragem de fic\u00e7\u00e3o \u2018Joana\u2019 \u00e9 dirigido por Pattr\u00edcia de Aquino e tem no elenco os atores C\u00e9sar Ferrario, Zezita Matos e Eliana Figueiredo. Grava\u00e7\u00f5es acontecem em S\u00e3o Domingos do Cariri.<\/p>\n\n\n\n<p>Um filme abordando a tem\u00e1tica de viol\u00eancia contra a mulher come\u00e7ou a ser gravado nesta sexta-feira (17), na cidade de S\u00e3o Domingos do Cariri, no Cariri paraibano. O curta-metragem de fic\u00e7\u00e3o \u201cJoana\u201d \u00e9 dirigido por Pattr\u00edcia de Aquino e tem no elenco os atores C\u00e9sar Ferrario, Zezita Matos e Eliana Figueiredo.<\/p>\n\n\n\n<div class=\"wp-block-image\"><figure class=\"alignright\"><img decoding=\"async\" data-src=\"http:\/\/deolhonocariri.com.br\/wp-content\/uploads\/2020\/01\/filme-joana-pattricia-aquino.jpg\" alt=\"\" class=\"wp-image-76611 lazyload\" src=\"data:image\/svg+xml;base64,PHN2ZyB3aWR0aD0iMSIgaGVpZ2h0PSIxIiB4bWxucz0iaHR0cDovL3d3dy53My5vcmcvMjAwMC9zdmciPjwvc3ZnPg==\" \/><\/figure><\/div>\n\n\n\n<p>O enredo do curta conta a hist\u00f3ria de Joana, uma jovem forte e determinada, que se v\u00ea em um relacionamento abusivo e violento que a faz temer pela pr\u00f3pria vida. Com o intuito de fortalecer a presen\u00e7a e participa\u00e7\u00e3o feminina no audiovisual, a equipe conta com aproximadamente 24 pessoas, sendo a maioria mulheres.<\/p>\n\n\n\n<p>A atriz, diretora e roteirista Pattr\u00edcia de Aquino explica a motiva\u00e7\u00e3o de abordar a tem\u00e1tica na produ\u00e7\u00e3o, al\u00e9m de refor\u00e7ar a relev\u00e2ncia de retratar a realidade na arte.<\/p>\n\n\n\n<p>\u201cNa atual conjuntura do pa\u00eds onde a agress\u00e3o e o feminic\u00eddio s\u00e3o recorrentes, sentimos a necessidade de contar essa hist\u00f3ria e abordar esse tema, visto que a arte \u00e9 uma forma de alertar, conscientizar e chamar aten\u00e7\u00e3o para as problem\u00e1ticas sociais que nos rodeiam diariamente\u201d, diz Pattr\u00edcia.<\/p>\n\n\n\n<p>No elenco foram escalados profissionais de renome nacional como os atores C\u00e9sar Ferrario, que atuou na novela \u2018A Dona do Peda\u00e7o\u2019, Zezita Matos, que esteve presente no elenco de \u2018Velho Chico\u2019, Eliana Figueiredo, al\u00e9m do diretor de fotografia Jo\u00e3o Carlos Beltr\u00e3o, que tamb\u00e9m participou da primeira produ\u00e7\u00e3o de Pattr\u00edcia, o curta \u2018Rasga Mortalha\u2019.<\/p>\n\n\n\n<p>O primeiro filme da diretora foi premiado em festivais de cinema e foi o \u00fanico curta paraibano a ser selecionado para Mostra Nacional do Sesc 2019, com exibi\u00e7\u00e3o em todas as capitais do Brasil. Ele foi produzido ap\u00f3s Pattr\u00edcia ter sido selecionada no \u2018Concurso Nacional de Hist\u00f3ria\u2019, na edi\u00e7\u00e3o VI do \u2018Revelando os Brasis\u2019 do Canal Futura, em 2017.<\/p>\n","protected":false},"excerpt":{"rendered":"<p>Curta-metragem de fic\u00e7\u00e3o \u2018Joana\u2019 \u00e9 dirigido por Pattr\u00edcia de Aquino e tem no elenco os atores C\u00e9sar Ferrario, Zezita Matos e Eliana Figueiredo. Grava\u00e7\u00f5es acontecem&hellip; <\/p>\n","protected":false},"author":1,"featured_media":147317,"comment_status":"closed","ping_status":"closed","sticky":false,"template":"","format":"standard","meta":{"sfsi_plus_gutenberg_text_before_share":"","sfsi_plus_gutenberg_show_text_before_share":"","sfsi_plus_gutenberg_icon_type":"","sfsi_plus_gutenberg_icon_alignemt":"","sfsi_plus_gutenburg_max_per_row":"","footnotes":""},"categories":[2],"tags":[],"class_list":["post-147312","post","type-post","status-publish","format-standard","has-post-thumbnail","hentry","category-geral"],"_links":{"self":[{"href":"https:\/\/www.caririemacao.com\/1\/wp-json\/wp\/v2\/posts\/147312","targetHints":{"allow":["GET"]}}],"collection":[{"href":"https:\/\/www.caririemacao.com\/1\/wp-json\/wp\/v2\/posts"}],"about":[{"href":"https:\/\/www.caririemacao.com\/1\/wp-json\/wp\/v2\/types\/post"}],"author":[{"embeddable":true,"href":"https:\/\/www.caririemacao.com\/1\/wp-json\/wp\/v2\/users\/1"}],"replies":[{"embeddable":true,"href":"https:\/\/www.caririemacao.com\/1\/wp-json\/wp\/v2\/comments?post=147312"}],"version-history":[{"count":1,"href":"https:\/\/www.caririemacao.com\/1\/wp-json\/wp\/v2\/posts\/147312\/revisions"}],"predecessor-version":[{"id":147318,"href":"https:\/\/www.caririemacao.com\/1\/wp-json\/wp\/v2\/posts\/147312\/revisions\/147318"}],"wp:featuredmedia":[{"embeddable":true,"href":"https:\/\/www.caririemacao.com\/1\/wp-json\/wp\/v2\/media\/147317"}],"wp:attachment":[{"href":"https:\/\/www.caririemacao.com\/1\/wp-json\/wp\/v2\/media?parent=147312"}],"wp:term":[{"taxonomy":"category","embeddable":true,"href":"https:\/\/www.caririemacao.com\/1\/wp-json\/wp\/v2\/categories?post=147312"},{"taxonomy":"post_tag","embeddable":true,"href":"https:\/\/www.caririemacao.com\/1\/wp-json\/wp\/v2\/tags?post=147312"}],"curies":[{"name":"wp","href":"https:\/\/api.w.org\/{rel}","templated":true}]}}