{"id":147323,"date":"2020-01-18T09:36:38","date_gmt":"2020-01-18T12:36:38","guid":{"rendered":"http:\/\/www.caririemacao.com\/1\/?p=147323"},"modified":"2020-01-18T09:36:38","modified_gmt":"2020-01-18T12:36:38","slug":"policia-federal-deflagra-segunda-fase-de-operacao-contra-exploracao-ilegal-de-recursos-minerais-na-pb","status":"publish","type":"post","link":"https:\/\/www.caririemacao.com\/1\/2020\/01\/18\/policia-federal-deflagra-segunda-fase-de-operacao-contra-exploracao-ilegal-de-recursos-minerais-na-pb\/","title":{"rendered":"Pol\u00edcia Federal deflagra segunda fase de opera\u00e7\u00e3o contra explora\u00e7\u00e3o ilegal de recursos minerais na PB"},"content":{"rendered":"\n<p>A Pol\u00edcia Federal na Para\u00edba deflagrou mais uma fase da Opera\u00e7\u00e3o Jampa Verde, que investiga extra\u00e7\u00e3o ilegal de recursos minerais em pedreiras. A segunda etapa da a\u00e7\u00e3o da PF deflagrada nesta sexta-feira (17) est\u00e1 voltada \u00e0 extra\u00e7\u00e3o ilegal em uma pedreira no bairro de Mandacaru, na Capital, em \u00e1rea sem autoriza\u00e7\u00e3o ambiental.<\/p>\n\n\n\n<p>A Opera\u00e7\u00e3o Jampa Verde 2 tamb\u00e9m envolve a Sudema e o Minist\u00e9rio do Trabalho e Emprego (MTE). Al\u00e9m da extra\u00e7\u00e3o ilegal, tamb\u00e9m est\u00e3o sendo verificadas condi\u00e7\u00f5es degradantes de trabalho.<\/p>\n\n\n\n<p>A a\u00e7\u00e3o tem participa\u00e7\u00e3o de 20 servidores, entre policiais federais e funcion\u00e1rios p\u00fablicos da Sudema e MTE.<\/p>\n\n\n\n<p>A Pol\u00edcia Federal relembra que no dia 31 de julho de 2019, em parceria com a Sudema, com Batalh\u00e3o Ambiental e Ag\u00eancia Nacional, deflagrou a Opera\u00e7\u00e3o Jampa Verde 1 para apurar explora\u00e7\u00e3o ilegal de recursos minerais em Santa Rita e em Conde.<\/p>\n\n\n\n<p>As fiscaliza\u00e7\u00f5es e a\u00e7\u00f5es conjuntas ambientais ser\u00e3o intensificadas no Estado da Para\u00edba no ano de 2020, segundo informado pela PF.<\/p>\n\n\n\n<p>Os investigados ser\u00e3o indiciados nos crimes do artigo 55 da Lei de Crimes Ambientais (9.605\/1998), combinado com o artigo 2 da Lei 8.176\/1991, cujas penas somadas poder\u00e3o ultrapassar 5 anos de pris\u00e3o.<\/p>\n\n\n\n<p><strong>O que diz a Lei de Crimes Ambientais (9.605\/1998)<\/strong><\/p>\n\n\n\n<p><em>Disp\u00f5e sobre as san\u00e7\u00f5es penais e administrativas derivadas de condutas e atividades lesivas ao meio ambiente, e d\u00e1 outras provid\u00eancias.<\/em><\/p>\n\n\n\n<p><em>Art. 55. Executar pesquisa, lavra ou extra\u00e7\u00e3o de recursos minerais sem a competente autoriza\u00e7\u00e3o, permiss\u00e3o, concess\u00e3o ou licen\u00e7a, ou em desacordo com a obtida:<\/em><\/p>\n\n\n\n<p><em>Pena &#8211; deten\u00e7\u00e3o, de seis meses a um ano, e multa.<\/em><\/p>\n\n\n\n<p><em>Par\u00e1grafo \u00fanico. Nas mesmas penas incorre quem deixa de recuperar a \u00e1rea pesquisada ou explorada, nos termos da autoriza\u00e7\u00e3o, permiss\u00e3o, licen\u00e7a, concess\u00e3o ou determina\u00e7\u00e3o do \u00f3rg\u00e3o competente.<\/em><\/p>\n\n\n\n<p><strong>O que diz a Lei 8.176\/1991<\/strong><\/p>\n\n\n\n<p><em>Art. 2\u00b0 Constitui crime contra o patrim\u00f4nio, na modalidade de usurpac\u00e3o, produzir bens ou explorar mat\u00e9ria-prima pertencentes \u00e0 Uni\u00e3o, sem autoriza\u00e7\u00e3o legal ou em desacordo com as obriga\u00e7\u00f5es impostas pelo t\u00edtulo autorizativo.<\/em><\/p>\n\n\n\n<p><em>Pena: deten\u00e7\u00e3o, de um a cinco anos e multa.<\/em><\/p>\n\n\n\n<p><em>\u00a7 1\u00b0 Incorre na mesma pena aquele que, sem autoriza\u00e7\u00e3o legal, adquirir, transportar, industrializar, tiver consigo, consumir ou comercializar produtos ou mat\u00e9ria-prima, obtidos na forma prevista no caput deste artigo.<\/em><\/p>\n\n\n\n<p><em>\u00a7 2\u00b0 No crime definido neste artigo, a pena de multa ser\u00e1 fixada entre dez e trezentos e sessenta dias-multa, conforme seja necess\u00e1rio e suficiente para a reprova\u00e7\u00e3o e a preven\u00e7\u00e3o do crime.<\/em><\/p>\n\n\n\n<p><em>\u00a7 3\u00b0 O dia-multa ser\u00e1 fixado pelo juiz em valor n\u00e3o inferior a quatorze nem superior a duzentos B\u00f4nus do Tesouro Nacional (BTN).<\/em><\/p>\n\n\n\n<figure class=\"wp-block-image\"><img decoding=\"async\" data-src=\"https:\/\/www.clickpb.com.br\/media\/filer_public\/9a\/ff\/9aff0c6b-e527-4d41-8bc5-bc0491ad8f53\/policia_federal_deflagra_segunda_fase_de_operacao_contra_exploracao_ilegal_de_recursos_minerais_na_pb_foto_ascom_policia_federal_pf-3.jpeg\" alt=\"\" src=\"data:image\/svg+xml;base64,PHN2ZyB3aWR0aD0iMSIgaGVpZ2h0PSIxIiB4bWxucz0iaHR0cDovL3d3dy53My5vcmcvMjAwMC9zdmciPjwvc3ZnPg==\" class=\"lazyload\" \/><\/figure>\n\n\n\n<figure class=\"wp-block-image\"><img decoding=\"async\" data-src=\"https:\/\/www.clickpb.com.br\/media\/filer_public\/0b\/2e\/0b2ea8d0-e99b-45eb-923c-c1b42892dffe\/pedreira_em_joao_pessoa_policia_federal_deflagra_segunda_fase_de_operacao_contra_exploracao_ilegal_de_recursos_minerais_na_pb_foto_ascom_policia_federal_pf.jpeg\" alt=\"\" src=\"data:image\/svg+xml;base64,PHN2ZyB3aWR0aD0iMSIgaGVpZ2h0PSIxIiB4bWxucz0iaHR0cDovL3d3dy53My5vcmcvMjAwMC9zdmciPjwvc3ZnPg==\" class=\"lazyload\" \/><\/figure>\n","protected":false},"excerpt":{"rendered":"<p>A Pol\u00edcia Federal na Para\u00edba deflagrou mais uma fase da Opera\u00e7\u00e3o Jampa Verde, que investiga extra\u00e7\u00e3o ilegal de recursos minerais em pedreiras. A segunda etapa&hellip; <\/p>\n","protected":false},"author":1,"featured_media":147329,"comment_status":"closed","ping_status":"closed","sticky":false,"template":"","format":"standard","meta":{"sfsi_plus_gutenberg_text_before_share":"","sfsi_plus_gutenberg_show_text_before_share":"","sfsi_plus_gutenberg_icon_type":"","sfsi_plus_gutenberg_icon_alignemt":"","sfsi_plus_gutenburg_max_per_row":"","footnotes":""},"categories":[12],"tags":[],"class_list":["post-147323","post","type-post","status-publish","format-standard","has-post-thumbnail","hentry","category-policia"],"_links":{"self":[{"href":"https:\/\/www.caririemacao.com\/1\/wp-json\/wp\/v2\/posts\/147323","targetHints":{"allow":["GET"]}}],"collection":[{"href":"https:\/\/www.caririemacao.com\/1\/wp-json\/wp\/v2\/posts"}],"about":[{"href":"https:\/\/www.caririemacao.com\/1\/wp-json\/wp\/v2\/types\/post"}],"author":[{"embeddable":true,"href":"https:\/\/www.caririemacao.com\/1\/wp-json\/wp\/v2\/users\/1"}],"replies":[{"embeddable":true,"href":"https:\/\/www.caririemacao.com\/1\/wp-json\/wp\/v2\/comments?post=147323"}],"version-history":[{"count":1,"href":"https:\/\/www.caririemacao.com\/1\/wp-json\/wp\/v2\/posts\/147323\/revisions"}],"predecessor-version":[{"id":147330,"href":"https:\/\/www.caririemacao.com\/1\/wp-json\/wp\/v2\/posts\/147323\/revisions\/147330"}],"wp:featuredmedia":[{"embeddable":true,"href":"https:\/\/www.caririemacao.com\/1\/wp-json\/wp\/v2\/media\/147329"}],"wp:attachment":[{"href":"https:\/\/www.caririemacao.com\/1\/wp-json\/wp\/v2\/media?parent=147323"}],"wp:term":[{"taxonomy":"category","embeddable":true,"href":"https:\/\/www.caririemacao.com\/1\/wp-json\/wp\/v2\/categories?post=147323"},{"taxonomy":"post_tag","embeddable":true,"href":"https:\/\/www.caririemacao.com\/1\/wp-json\/wp\/v2\/tags?post=147323"}],"curies":[{"name":"wp","href":"https:\/\/api.w.org\/{rel}","templated":true}]}}