{"id":147548,"date":"2020-01-20T07:57:31","date_gmt":"2020-01-20T10:57:31","guid":{"rendered":"http:\/\/www.caririemacao.com\/1\/?p=147548"},"modified":"2020-01-20T07:57:31","modified_gmt":"2020-01-20T10:57:31","slug":"enem-2020-ministerio-da-educacao-apura-erros-nas-provas-do-1o-dia","status":"publish","type":"post","link":"https:\/\/www.caririemacao.com\/1\/2020\/01\/20\/enem-2020-ministerio-da-educacao-apura-erros-nas-provas-do-1o-dia\/","title":{"rendered":"Enem 2020: Minist\u00e9rio da Educa\u00e7\u00e3o apura erros nas provas do 1\u00ba dia"},"content":{"rendered":"\n<p>Os erros identificados nas notas do Enem 2019 n\u00e3o s\u00e3o limitados \u00e0s provas do segundo dia, como havia sido divulgado no s\u00e1bado (18) pelo ministro da Educa\u00e7\u00e3o, Abraham Weintraub.<\/p>\n\n\n\n<p>O governo Bolsonaro j\u00e1 identificou problemas nas provas do primeiro dia e ampliou o escopo de an\u00e1lise.<\/p>\n\n\n\n<p>Ap\u00f3s comemorar o sucesso na realiza\u00e7\u00e3o do Enem 2019, o MEC (Minist\u00e9rio da Educa\u00e7\u00e3o) divulgou no s\u00e1bado que participantes receberam notas erradas. Segundo o governo, o erro partiu da gr\u00e1fica Valid, que passou a imprimir as provas no ano passado.<\/p>\n\n\n\n<p>At\u00e9 ent\u00e3o, os erros confirmados haviam sido identificados apenas no segundo dia da prova (matem\u00e1tica e ci\u00eancias humanas).<\/p>\n\n\n\n<p>A assessoria do Inep (Instituto Nacional de Estudos e Pesquisas Educacionais), \u00f3rg\u00e3o ligado ao MEC, confirmou neste domingo (19) que passou analisar tamb\u00e9m as provas do primeiro dia (linguagens e reda\u00e7\u00e3o).<\/p>\n\n\n\n<p>De acordo com a assessoria de imprensa do instituto, a amplia\u00e7\u00e3o da an\u00e1lise ocorreu para tranquilizar os candidatos ap\u00f3s o \u00f3rg\u00e3o receber pelas redes sociais muitos pedidos para que fosse considerado o primeiro dia.<\/p>\n\n\n\n<p>No entanto, funcion\u00e1rios do Inep confirmaram \u00e0 Folha de S.Paulo, sob condi\u00e7\u00e3o de anonimato, que j\u00e1 foi identificado erro na prova de linguagens, do primeiro dia.<\/p>\n\n\n\n<p>No s\u00e1bado, o governo trabalhava com a informa\u00e7\u00e3o de que os erros poderiam alcan\u00e7ar at\u00e9 1% dos participantes, o que representaria cerca de 39 mil pessoas. N\u00e3o h\u00e1 informa\u00e7\u00f5es se esse novo escopo de an\u00e1lise vai aumentar essa expectativa.<\/p>\n\n\n\n<p>O Inep trabalhava at\u00e9 a tarde de s\u00e1bado com um universo de an\u00e1lise de 50 mil provas, o que resultaria em um n\u00famero considerado reduzido de poss\u00edveis erros. Mas esse universo muda a todo momento, segundo informa\u00e7\u00f5es recebidas pela reportagem.<\/p>\n\n\n\n<p>Os primeiros relatos surgiram nas redes sociais na sexta-feira (17), quando o MEC liberou as notas. O governo disponibilizou um email (enem2019@inep.gov.br) para receber reclama\u00e7\u00f5es.<\/p>\n\n\n\n<p>O estudante Mathews Krabbe, 17, identificou problemas tamb\u00e9m na sua nota de linguagens, ocorrida no primeiro dia.<\/p>\n\n\n\n<p>\u201cLogo que vi a nota sabia que tinha alguma coisa errada. Porque fui melhor neste ano [2019] do que no ano passado mas a nota era mais baixa\u201d, disse.<\/p>\n\n\n\n<p>Krabbe \u00e9 de Guarulhos (SP) e quer usar a nota do Enem para uma vaga em rela\u00e7\u00f5es internacionais na USP \u2013a estadual seleciona parte dos alunos a partir do desempenho no exame.<\/p>\n\n\n\n<p>O estudante, que fez cursinho paralelo \u00e0 uma escola t\u00e9cnica privada, encaminhou a mensagem ao Inep sobre seu caso, mas est\u00e1 pessimista.<\/p>\n\n\n\n<p>\u201cN\u00e3o posso mais depender disso\u201d, diz. \u201cNa sexta-feira j\u00e1 fui buscar uma bolsa em cursinho\u201d.<br>Tamb\u00e9m h\u00e1 relatos nas redes sociais de questionamentos na nota da reda\u00e7\u00e3o, mas ainda n\u00e3o h\u00e1 confirma\u00e7\u00f5es sobre isso.<\/p>\n\n\n\n<p>O MEC manteve a data de abertura das inscri\u00e7\u00f5es do Sisu (Sistema de Sele\u00e7\u00e3o Unificada), prevista para ter\u00e7a-feira (21). Apesar do erro, o governo corre para evitar um estrago maior, inclusive politicamente.<\/p>\n\n\n\n<p>A avalia\u00e7\u00e3o, tanto de integrantes do governo quanto de parlamentares que acompanham o MEC de perto, \u00e9 a de que \u00e9 preciso esperar qual ser\u00e1 dimens\u00e3o do epis\u00f3dio para calcular um poss\u00edvel dano maior a Weintraub.<\/p>\n\n\n\n<p>Weintraub diz a interlocutores que a realiza\u00e7\u00e3o de um Enem sem problemas sempre foi crucial para sua perman\u00eancia no cargo.<\/p>\n\n\n\n<p>A preocupa\u00e7\u00e3o se tornou ainda maior quando sua sa\u00edda da pasta passou a ser defendida por v\u00e1rios aliados do governo \u2013o presidente Jair Bolsonaro, entretanto, garantiu sua perman\u00eancia at\u00e9 agora.<\/p>\n\n\n\n<p>Segundo o governo, foram constatados erros na identifica\u00e7\u00e3o dos candidatos e da respectiva cor de sua prova. A falha ocorreu na gr\u00e1fica: os arquivos com essas informa\u00e7\u00f5es teriam chegado ao Inep com diverg\u00eancias, segundo o instituto. O candidato fez a prova de uma cor mas a nota foi corrigida como se fosse de outra.<\/p>\n\n\n\n<p>Al\u00e9m de olhar os casos espec\u00edficos recebidos por candidatos, o Inep tem feito uma an\u00e1lise estat\u00edstica que busca inconsist\u00eancias em toda a base de dados. O Inep ainda n\u00e3o tinha a dimens\u00e3o do n\u00famero de atingidos at\u00e9 o in\u00edcio da noite de domingo.<\/p>\n","protected":false},"excerpt":{"rendered":"<p>Os erros identificados nas notas do Enem 2019 n\u00e3o s\u00e3o limitados \u00e0s provas do segundo dia, como havia sido divulgado no s\u00e1bado (18) pelo ministro&hellip; <\/p>\n","protected":false},"author":1,"featured_media":136648,"comment_status":"closed","ping_status":"closed","sticky":false,"template":"","format":"standard","meta":{"sfsi_plus_gutenberg_text_before_share":"","sfsi_plus_gutenberg_show_text_before_share":"","sfsi_plus_gutenberg_icon_type":"","sfsi_plus_gutenberg_icon_alignemt":"","sfsi_plus_gutenburg_max_per_row":"","footnotes":""},"categories":[14],"tags":[],"class_list":["post-147548","post","type-post","status-publish","format-standard","has-post-thumbnail","hentry","category-educacao"],"_links":{"self":[{"href":"https:\/\/www.caririemacao.com\/1\/wp-json\/wp\/v2\/posts\/147548","targetHints":{"allow":["GET"]}}],"collection":[{"href":"https:\/\/www.caririemacao.com\/1\/wp-json\/wp\/v2\/posts"}],"about":[{"href":"https:\/\/www.caririemacao.com\/1\/wp-json\/wp\/v2\/types\/post"}],"author":[{"embeddable":true,"href":"https:\/\/www.caririemacao.com\/1\/wp-json\/wp\/v2\/users\/1"}],"replies":[{"embeddable":true,"href":"https:\/\/www.caririemacao.com\/1\/wp-json\/wp\/v2\/comments?post=147548"}],"version-history":[{"count":1,"href":"https:\/\/www.caririemacao.com\/1\/wp-json\/wp\/v2\/posts\/147548\/revisions"}],"predecessor-version":[{"id":147549,"href":"https:\/\/www.caririemacao.com\/1\/wp-json\/wp\/v2\/posts\/147548\/revisions\/147549"}],"wp:featuredmedia":[{"embeddable":true,"href":"https:\/\/www.caririemacao.com\/1\/wp-json\/wp\/v2\/media\/136648"}],"wp:attachment":[{"href":"https:\/\/www.caririemacao.com\/1\/wp-json\/wp\/v2\/media?parent=147548"}],"wp:term":[{"taxonomy":"category","embeddable":true,"href":"https:\/\/www.caririemacao.com\/1\/wp-json\/wp\/v2\/categories?post=147548"},{"taxonomy":"post_tag","embeddable":true,"href":"https:\/\/www.caririemacao.com\/1\/wp-json\/wp\/v2\/tags?post=147548"}],"curies":[{"name":"wp","href":"https:\/\/api.w.org\/{rel}","templated":true}]}}