{"id":147580,"date":"2020-01-20T08:19:44","date_gmt":"2020-01-20T11:19:44","guid":{"rendered":"http:\/\/www.caririemacao.com\/1\/?p=147580"},"modified":"2020-01-20T08:19:44","modified_gmt":"2020-01-20T11:19:44","slug":"fronteira-entre-brasil-e-paraguai-e-bloqueada-apos-fuga-de-76-integrantes-do-pcc-de-penitenciaria","status":"publish","type":"post","link":"https:\/\/www.caririemacao.com\/1\/2020\/01\/20\/fronteira-entre-brasil-e-paraguai-e-bloqueada-apos-fuga-de-76-integrantes-do-pcc-de-penitenciaria\/","title":{"rendered":"Fronteira entre Brasil e Paraguai \u00e9 bloqueada ap\u00f3s fuga de 76 integrantes do PCC de Penitenci\u00e1ria"},"content":{"rendered":"\n<p>O Minist\u00e9rio da Justi\u00e7a e Seguran\u00e7a P\u00fablica determinou, neste domingo (19), o bloqueio da fronteira entre Brasil e Paraguai no trecho que corresponde ao Mato Grosso do Sul. Mais cedo, a assessoria de imprensa do Minist\u00e9rio da Justi\u00e7a chegou a informar que a fronteira havia sido fechada, mas depois corrigiu a informa\u00e7\u00e3o.<\/p>\n\n\n\n<p>O bloqueio \u00e9 motivado pela fuga de 76 integrantes de uma fac\u00e7\u00e3o brasileira que estavam na Penitenci\u00e1ria Regional de Pedro Juan Caballero, no Paraguai, na madrugada de domingo. A cidade fica na fronteira com Ponta Por\u00e3 (MS). Segundo o governo paraguaio, h\u00e1 cidad\u00e3os dos dois pa\u00edses entre os fugitivos.<\/p>\n\n\n\n<p>A a\u00e7\u00e3o determinada pelo ministro Sergio Moro \u00e9 um refor\u00e7o de policiamento com helic\u00f3pteros e barreiras. &#8220;Isso \u00e9 chamado pela pol\u00edcia de bloqueio, mas a fronteira n\u00e3o est\u00e1 fechada no MS. Brasileiros e paraguaios continuam podendo ir e vir&#8221;, informou a assessoria.<\/p>\n\n\n\n<p>De acordo com o minist\u00e9rio, ainda n\u00e3o \u00e9 poss\u00edvel dizer se a fronteira tamb\u00e9m ser\u00e1 bloqueada no Paran\u00e1. Isso s\u00f3 acontecer\u00e1 se houver um pedido do governador do estado, Ratinho Junior (PSD) \u2013 a exemplo do que fez o governo do Mato Grosso do Sul, Reinaldo Azambuja (PSDB).<\/p>\n\n\n\n<p>At\u00e9 as 19h, nenhum dos pa\u00edses havia divulgado informa\u00e7\u00f5es sobre a recaptura dos fugitivos.<\/p>\n\n\n\n<p>O governo brasileiro tamb\u00e9m pediu ao Paraguai a lista com os nomes dos 76 integrantes do grupo. Segundo a Secretaria de Opera\u00e7\u00f5es Integradas do minist\u00e9rio, equipes da Opera\u00e7\u00e3o H\u00f3rus, que combate o contrabando em regi\u00f5es de fronteira, foram alertadas.<\/p>\n\n\n\n<p>Antes de decidir pelo bloqueio da fronteira, Moro j\u00e1 tinha afirmado que o governo federal estava trabalhando junto com os estados para impedir a entrada dos detentos no Brasil.<\/p>\n\n\n\n<p>A ministra da Justi\u00e7a do Paraguai, Cecilia Perez, informou pela manh\u00e3 que 91 presos conseguiram escapar da pris\u00e3o por volta das 4h (3h, em Ponta Por\u00e3) e disse que eles s\u00e3o integrantes do Primeiro Comando da Capital (PCC). Mais tarde, a procuradora Reinalda Palacios declarou que o n\u00famero de fugitivos foi atualizado para 75, de acordo com o jornal &#8220;ABC Color&#8221;. O n\u00famero passou para 76 no fim da tarde.<\/p>\n\n\n\n<p>Uma lista de foragidos brasileiros e paraguaios foi divulgada pelo Minist\u00e9rio da Justi\u00e7a. Entre eles, est\u00e3o o brasileiro Tim\u00f3teo Ferreira, apontado como l\u00edder da fac\u00e7\u00e3o dentro do pres\u00eddio, e seis supostos integrantes do grupo de matadores de aluguel ligados ao tr\u00e1fico &#8220;Minotauro&#8221;. Eles atuam na fronteira e na semana passada buscavam deixar a pris\u00e3o com uma ordem judicial.<\/p>\n\n\n\n<p>Fuga na madrugada<\/p>\n\n\n\n<p>O Minist\u00e9rio P\u00fablico informou que v\u00eddeos das c\u00e2meras de seguran\u00e7a do pres\u00eddio mostram uma movimenta\u00e7\u00e3o intensa desde as 4h deste domingo. Para a promotoria, \u00e9 impressionante que os guardas n\u00e3o tenham agido diante das imagens que tinham \u00e0 disposi\u00e7\u00e3o.<\/p>\n\n\n\n<p>Cinquenta dos detidos estavam em um piso superior e 25 no inferior, onde o t\u00fanel foi cavado. Para ter acesso ao piso inferior, os detentos precisam passar por um port\u00e3o, que deve permanecer trancado.<\/p>\n\n\n\n<p>O que chamou a aten\u00e7\u00e3o dos promotores foi que esse port\u00e3o estava trancado no momento em que Minist\u00e9rio P\u00fablico foi visitar o local ap\u00f3s a fuga.<\/p>\n\n\n\n<p>As autoridades paraguaias investigam se houve uma rede de corrup\u00e7\u00e3o que facilitou a fuga. A ordem de captura dos foragidos deve ser emitida em algumas horas. At\u00e9 a \u00faltima atualiza\u00e7\u00e3o dessa mat\u00e9ria, nenhum deles havia sido recapturado.<\/p>\n\n\n\n<p>Seguran\u00e7a do lado brasileiro<\/p>\n\n\n\n<p>A Secretaria de Estado de Justi\u00e7a e Seguran\u00e7a P\u00fablica (Sejusp) de Mato Grosso do Sul informou que est\u00e1 em contato com as autoridades paraguaias. O policiamento em Ponta Por\u00e3 e Dourados, maior cidade da regi\u00e3o e poss\u00edvel destino de fugitivos, foi refor\u00e7ado com equipes da Pol\u00edcia Militar e da Pol\u00edcia Civil.<\/p>\n","protected":false},"excerpt":{"rendered":"<p>O Minist\u00e9rio da Justi\u00e7a e Seguran\u00e7a P\u00fablica determinou, neste domingo (19), o bloqueio da fronteira entre Brasil e Paraguai no trecho que corresponde ao Mato&hellip; <\/p>\n","protected":false},"author":1,"featured_media":147581,"comment_status":"closed","ping_status":"closed","sticky":false,"template":"","format":"standard","meta":{"sfsi_plus_gutenberg_text_before_share":"","sfsi_plus_gutenberg_show_text_before_share":"","sfsi_plus_gutenberg_icon_type":"","sfsi_plus_gutenberg_icon_alignemt":"","sfsi_plus_gutenburg_max_per_row":"","footnotes":""},"categories":[12],"tags":[],"class_list":["post-147580","post","type-post","status-publish","format-standard","has-post-thumbnail","hentry","category-policia"],"_links":{"self":[{"href":"https:\/\/www.caririemacao.com\/1\/wp-json\/wp\/v2\/posts\/147580","targetHints":{"allow":["GET"]}}],"collection":[{"href":"https:\/\/www.caririemacao.com\/1\/wp-json\/wp\/v2\/posts"}],"about":[{"href":"https:\/\/www.caririemacao.com\/1\/wp-json\/wp\/v2\/types\/post"}],"author":[{"embeddable":true,"href":"https:\/\/www.caririemacao.com\/1\/wp-json\/wp\/v2\/users\/1"}],"replies":[{"embeddable":true,"href":"https:\/\/www.caririemacao.com\/1\/wp-json\/wp\/v2\/comments?post=147580"}],"version-history":[{"count":1,"href":"https:\/\/www.caririemacao.com\/1\/wp-json\/wp\/v2\/posts\/147580\/revisions"}],"predecessor-version":[{"id":147582,"href":"https:\/\/www.caririemacao.com\/1\/wp-json\/wp\/v2\/posts\/147580\/revisions\/147582"}],"wp:featuredmedia":[{"embeddable":true,"href":"https:\/\/www.caririemacao.com\/1\/wp-json\/wp\/v2\/media\/147581"}],"wp:attachment":[{"href":"https:\/\/www.caririemacao.com\/1\/wp-json\/wp\/v2\/media?parent=147580"}],"wp:term":[{"taxonomy":"category","embeddable":true,"href":"https:\/\/www.caririemacao.com\/1\/wp-json\/wp\/v2\/categories?post=147580"},{"taxonomy":"post_tag","embeddable":true,"href":"https:\/\/www.caririemacao.com\/1\/wp-json\/wp\/v2\/tags?post=147580"}],"curies":[{"name":"wp","href":"https:\/\/api.w.org\/{rel}","templated":true}]}}