{"id":147584,"date":"2020-01-20T08:20:53","date_gmt":"2020-01-20T11:20:53","guid":{"rendered":"http:\/\/www.caririemacao.com\/1\/?p=147584"},"modified":"2020-01-20T08:20:53","modified_gmt":"2020-01-20T11:20:53","slug":"homem-fica-ferido-apos-ser-baleado-na-paraiba","status":"publish","type":"post","link":"https:\/\/www.caririemacao.com\/1\/2020\/01\/20\/homem-fica-ferido-apos-ser-baleado-na-paraiba\/","title":{"rendered":"Homem fica ferido ap\u00f3s ser baleado na Para\u00edba"},"content":{"rendered":"\n<p>Um homem ficou ferido, na noite deste domingo (19), ap\u00f3s ser baleado, em Guarabira, no Agreste paraibano.&nbsp; A v\u00edtima identificada como Rob\u00e9rio estava&nbsp;Rua Clemente Pereira, regi\u00e3o central da cidade, quando foi baleada por dois homens armados.&nbsp;<\/p>\n\n\n\n<p>O Corpo de Bombeiros foi acionado e socorreu a &nbsp;v\u00edtima&nbsp;&nbsp;para o Hospital Regional. O estado de sa\u00fade n\u00e3o foi divulgado.&nbsp;<\/p>\n\n\n\n<p>A Pol\u00edcia realizou diligencia mas, at\u00e9 o momento ningu\u00e9m foi preso. A causa da tentativa de homic\u00eddio ainda \u00e9 desconhecida.<\/p>\n","protected":false},"excerpt":{"rendered":"<p>Um homem ficou ferido, na noite deste domingo (19), ap\u00f3s ser baleado, em Guarabira, no Agreste paraibano.&nbsp; A v\u00edtima identificada como Rob\u00e9rio estava&nbsp;Rua Clemente Pereira,&hellip; <\/p>\n","protected":false},"author":1,"featured_media":147585,"comment_status":"closed","ping_status":"closed","sticky":false,"template":"","format":"standard","meta":{"sfsi_plus_gutenberg_text_before_share":"","sfsi_plus_gutenberg_show_text_before_share":"","sfsi_plus_gutenberg_icon_type":"","sfsi_plus_gutenberg_icon_alignemt":"","sfsi_plus_gutenburg_max_per_row":"","footnotes":""},"categories":[12],"tags":[],"class_list":["post-147584","post","type-post","status-publish","format-standard","has-post-thumbnail","hentry","category-policia"],"_links":{"self":[{"href":"https:\/\/www.caririemacao.com\/1\/wp-json\/wp\/v2\/posts\/147584","targetHints":{"allow":["GET"]}}],"collection":[{"href":"https:\/\/www.caririemacao.com\/1\/wp-json\/wp\/v2\/posts"}],"about":[{"href":"https:\/\/www.caririemacao.com\/1\/wp-json\/wp\/v2\/types\/post"}],"author":[{"embeddable":true,"href":"https:\/\/www.caririemacao.com\/1\/wp-json\/wp\/v2\/users\/1"}],"replies":[{"embeddable":true,"href":"https:\/\/www.caririemacao.com\/1\/wp-json\/wp\/v2\/comments?post=147584"}],"version-history":[{"count":1,"href":"https:\/\/www.caririemacao.com\/1\/wp-json\/wp\/v2\/posts\/147584\/revisions"}],"predecessor-version":[{"id":147586,"href":"https:\/\/www.caririemacao.com\/1\/wp-json\/wp\/v2\/posts\/147584\/revisions\/147586"}],"wp:featuredmedia":[{"embeddable":true,"href":"https:\/\/www.caririemacao.com\/1\/wp-json\/wp\/v2\/media\/147585"}],"wp:attachment":[{"href":"https:\/\/www.caririemacao.com\/1\/wp-json\/wp\/v2\/media?parent=147584"}],"wp:term":[{"taxonomy":"category","embeddable":true,"href":"https:\/\/www.caririemacao.com\/1\/wp-json\/wp\/v2\/categories?post=147584"},{"taxonomy":"post_tag","embeddable":true,"href":"https:\/\/www.caririemacao.com\/1\/wp-json\/wp\/v2\/tags?post=147584"}],"curies":[{"name":"wp","href":"https:\/\/api.w.org\/{rel}","templated":true}]}}