{"id":147606,"date":"2020-01-20T08:30:06","date_gmt":"2020-01-20T11:30:06","guid":{"rendered":"http:\/\/www.caririemacao.com\/1\/?p=147606"},"modified":"2020-01-20T08:30:06","modified_gmt":"2020-01-20T11:30:06","slug":"paraibana-de-10-anos-encanta-jurados-e-se-classifica-no-the-voice-kids-2020","status":"publish","type":"post","link":"https:\/\/www.caririemacao.com\/1\/2020\/01\/20\/paraibana-de-10-anos-encanta-jurados-e-se-classifica-no-the-voice-kids-2020\/","title":{"rendered":"Paraibana de 10 anos encanta jurados e se classifica no The Voice Kids 2020"},"content":{"rendered":"\n<p>A paraibana J\u00falia Lima, de 10 anos encantou todos os t\u00e9cnicos e se classificou neste domingo (19), no programa The Voice Kids, da Rede Globo.&nbsp;<\/p>\n\n\n\n<p>Natural da cidade de Esperan\u00e7a, na Para\u00edba, J\u00falia cantou a m\u00fasica &#8216;Ai que saudades de&nbsp;oc\u00ea&#8217;, de Vital Farias, eternizada na voz de Elba Ramalho.<\/p>\n\n\n\n<p>Todos os t\u00e9cnicos do programa viraram suas cadeiras aprovando a sua classifica\u00e7\u00e3o para o programa. J\u00falia&nbsp;escolheu a dupla Simone e Simaria&nbsp;para serem as suas t\u00e9cnicas no programa dominical.<\/p>\n","protected":false},"excerpt":{"rendered":"<p>A paraibana J\u00falia Lima, de 10 anos encantou todos os t\u00e9cnicos e se classificou neste domingo (19), no programa The Voice Kids, da Rede Globo.&nbsp;&hellip; <\/p>\n","protected":false},"author":1,"featured_media":147607,"comment_status":"closed","ping_status":"closed","sticky":false,"template":"","format":"standard","meta":{"sfsi_plus_gutenberg_text_before_share":"","sfsi_plus_gutenberg_show_text_before_share":"","sfsi_plus_gutenberg_icon_type":"","sfsi_plus_gutenberg_icon_alignemt":"","sfsi_plus_gutenburg_max_per_row":"","footnotes":""},"categories":[2],"tags":[],"class_list":["post-147606","post","type-post","status-publish","format-standard","has-post-thumbnail","hentry","category-geral"],"_links":{"self":[{"href":"https:\/\/www.caririemacao.com\/1\/wp-json\/wp\/v2\/posts\/147606","targetHints":{"allow":["GET"]}}],"collection":[{"href":"https:\/\/www.caririemacao.com\/1\/wp-json\/wp\/v2\/posts"}],"about":[{"href":"https:\/\/www.caririemacao.com\/1\/wp-json\/wp\/v2\/types\/post"}],"author":[{"embeddable":true,"href":"https:\/\/www.caririemacao.com\/1\/wp-json\/wp\/v2\/users\/1"}],"replies":[{"embeddable":true,"href":"https:\/\/www.caririemacao.com\/1\/wp-json\/wp\/v2\/comments?post=147606"}],"version-history":[{"count":1,"href":"https:\/\/www.caririemacao.com\/1\/wp-json\/wp\/v2\/posts\/147606\/revisions"}],"predecessor-version":[{"id":147608,"href":"https:\/\/www.caririemacao.com\/1\/wp-json\/wp\/v2\/posts\/147606\/revisions\/147608"}],"wp:featuredmedia":[{"embeddable":true,"href":"https:\/\/www.caririemacao.com\/1\/wp-json\/wp\/v2\/media\/147607"}],"wp:attachment":[{"href":"https:\/\/www.caririemacao.com\/1\/wp-json\/wp\/v2\/media?parent=147606"}],"wp:term":[{"taxonomy":"category","embeddable":true,"href":"https:\/\/www.caririemacao.com\/1\/wp-json\/wp\/v2\/categories?post=147606"},{"taxonomy":"post_tag","embeddable":true,"href":"https:\/\/www.caririemacao.com\/1\/wp-json\/wp\/v2\/tags?post=147606"}],"curies":[{"name":"wp","href":"https:\/\/api.w.org\/{rel}","templated":true}]}}