{"id":147621,"date":"2020-01-20T08:36:53","date_gmt":"2020-01-20T11:36:53","guid":{"rendered":"http:\/\/www.caririemacao.com\/1\/?p=147621"},"modified":"2020-01-20T08:36:53","modified_gmt":"2020-01-20T11:36:53","slug":"colisao-entre-motos-deixa-uma-vitima-fatal-na-cidade-de-monteiro","status":"publish","type":"post","link":"https:\/\/www.caririemacao.com\/1\/2020\/01\/20\/colisao-entre-motos-deixa-uma-vitima-fatal-na-cidade-de-monteiro\/","title":{"rendered":"Colis\u00e3o entre motos deixa uma v\u00edtima fatal na cidade de Monteiro"},"content":{"rendered":"\n<p>Um homem morreu na noite deste domingo, 19, ap\u00f3s uma colis\u00e3o entre motos na BR-412, na cidade de Monteiro. A v\u00edtima foi identificada como Feinho do Mutir\u00e3o.<\/p>\n\n\n\n<p>De acordo com informa\u00e7\u00f5es, a v\u00edtima seguia em sua moto quando colidiu com outra motocicleta pr\u00f3ximo ao Motel Para\u00edso. Feinho ainda chegou a ser socorrido para o Hospital Regional de Monteiro por uma equipe do SAMU, mas n\u00e3o resistiu e veio a \u00f3bito.<\/p>\n\n\n\n<p>O corpo foi encaminhado para o Instituto de Medicina Legal de Campina Grande \u2013 IML\/CG.<\/p>\n","protected":false},"excerpt":{"rendered":"<p>Um homem morreu na noite deste domingo, 19, ap\u00f3s uma colis\u00e3o entre motos na BR-412, na cidade de Monteiro. A v\u00edtima foi identificada como Feinho&hellip; <\/p>\n","protected":false},"author":1,"featured_media":147622,"comment_status":"closed","ping_status":"closed","sticky":false,"template":"","format":"standard","meta":{"sfsi_plus_gutenberg_text_before_share":"","sfsi_plus_gutenberg_show_text_before_share":"","sfsi_plus_gutenberg_icon_type":"","sfsi_plus_gutenberg_icon_alignemt":"","sfsi_plus_gutenburg_max_per_row":"","footnotes":""},"categories":[2],"tags":[],"class_list":["post-147621","post","type-post","status-publish","format-standard","has-post-thumbnail","hentry","category-geral"],"_links":{"self":[{"href":"https:\/\/www.caririemacao.com\/1\/wp-json\/wp\/v2\/posts\/147621","targetHints":{"allow":["GET"]}}],"collection":[{"href":"https:\/\/www.caririemacao.com\/1\/wp-json\/wp\/v2\/posts"}],"about":[{"href":"https:\/\/www.caririemacao.com\/1\/wp-json\/wp\/v2\/types\/post"}],"author":[{"embeddable":true,"href":"https:\/\/www.caririemacao.com\/1\/wp-json\/wp\/v2\/users\/1"}],"replies":[{"embeddable":true,"href":"https:\/\/www.caririemacao.com\/1\/wp-json\/wp\/v2\/comments?post=147621"}],"version-history":[{"count":1,"href":"https:\/\/www.caririemacao.com\/1\/wp-json\/wp\/v2\/posts\/147621\/revisions"}],"predecessor-version":[{"id":147623,"href":"https:\/\/www.caririemacao.com\/1\/wp-json\/wp\/v2\/posts\/147621\/revisions\/147623"}],"wp:featuredmedia":[{"embeddable":true,"href":"https:\/\/www.caririemacao.com\/1\/wp-json\/wp\/v2\/media\/147622"}],"wp:attachment":[{"href":"https:\/\/www.caririemacao.com\/1\/wp-json\/wp\/v2\/media?parent=147621"}],"wp:term":[{"taxonomy":"category","embeddable":true,"href":"https:\/\/www.caririemacao.com\/1\/wp-json\/wp\/v2\/categories?post=147621"},{"taxonomy":"post_tag","embeddable":true,"href":"https:\/\/www.caririemacao.com\/1\/wp-json\/wp\/v2\/tags?post=147621"}],"curies":[{"name":"wp","href":"https:\/\/api.w.org\/{rel}","templated":true}]}}