{"id":147625,"date":"2020-01-20T08:38:21","date_gmt":"2020-01-20T11:38:21","guid":{"rendered":"http:\/\/www.caririemacao.com\/1\/?p=147625"},"modified":"2020-01-20T08:42:13","modified_gmt":"2020-01-20T11:42:13","slug":"no-cariri-homem-sofre-acidente-de-moto-na-br-412-e-morre-ao-chegar-no-hospital","status":"publish","type":"post","link":"https:\/\/www.caririemacao.com\/1\/2020\/01\/20\/no-cariri-homem-sofre-acidente-de-moto-na-br-412-e-morre-ao-chegar-no-hospital\/","title":{"rendered":"NO CARIRI: Homem sofre acidente de moto na BR-412 e morre ao chegar no hospital"},"content":{"rendered":"\n<div class=\"wp-block-image\"><figure class=\"aligncenter\"><img decoding=\"async\" data-src=\"http:\/\/deolhonocariri.com.br\/wp-content\/uploads\/2020\/01\/IMG_19012020_222647_800_x_500_pixel-800x445.jpg\" alt=\"\" class=\"wp-image-76665 lazyload\" src=\"data:image\/svg+xml;base64,PHN2ZyB3aWR0aD0iMSIgaGVpZ2h0PSIxIiB4bWxucz0iaHR0cDovL3d3dy53My5vcmcvMjAwMC9zdmciPjwvc3ZnPg==\" style=\"--smush-placeholder-width: 800px; --smush-placeholder-aspect-ratio: 800\/445;\" \/><\/figure><\/div>\n\n\n\n<p>Um acidente de moto ocorrido na noite deste \u00faltimo domingo(19) na BR-412 na regi\u00e3o do Cariri paraibano, deixou uma v\u00edtima fatal.<\/p>\n\n\n\n<p>Segundo informa\u00e7\u00f5es, um homem identificado por Ednaldo Ramos de Souza e conhecido popularmente como Feinho do Mutir\u00e3o, 53 anos, sofreu um acidente de moto na BR-412 pr\u00f3ximo ao Motel Para\u00edso, no munic\u00edpio de Monteiro, ficando gravemente ferido.<\/p>\n\n\n\n<p>Ednaldo Ramos que tinha uma boate no conjunto Mutir\u00e3o, ainda chegou a ser socorrido por uma equipe do Samu, mas n\u00e3o resistiu aos ferimentos e faleceu ao chegar no Hospital Santa Filomena.<\/p>\n\n\n\n<p>O corpo foi encaminhado para o Instituto de Medicina Legal de Campina Grande \u2013 IML\/CG.<\/p>\n\n\n\n<p><strong>De Olho no Cariri<\/strong><\/p>\n","protected":false},"excerpt":{"rendered":"<p>Um acidente de moto ocorrido na noite deste \u00faltimo domingo(19) na BR-412 na regi\u00e3o do Cariri paraibano, deixou uma v\u00edtima fatal. Segundo informa\u00e7\u00f5es, um homem&hellip; <\/p>\n","protected":false},"author":1,"featured_media":105260,"comment_status":"closed","ping_status":"closed","sticky":false,"template":"","format":"standard","meta":{"sfsi_plus_gutenberg_text_before_share":"","sfsi_plus_gutenberg_show_text_before_share":"","sfsi_plus_gutenberg_icon_type":"","sfsi_plus_gutenberg_icon_alignemt":"","sfsi_plus_gutenburg_max_per_row":"","footnotes":""},"categories":[12],"tags":[],"class_list":["post-147625","post","type-post","status-publish","format-standard","has-post-thumbnail","hentry","category-policia"],"_links":{"self":[{"href":"https:\/\/www.caririemacao.com\/1\/wp-json\/wp\/v2\/posts\/147625","targetHints":{"allow":["GET"]}}],"collection":[{"href":"https:\/\/www.caririemacao.com\/1\/wp-json\/wp\/v2\/posts"}],"about":[{"href":"https:\/\/www.caririemacao.com\/1\/wp-json\/wp\/v2\/types\/post"}],"author":[{"embeddable":true,"href":"https:\/\/www.caririemacao.com\/1\/wp-json\/wp\/v2\/users\/1"}],"replies":[{"embeddable":true,"href":"https:\/\/www.caririemacao.com\/1\/wp-json\/wp\/v2\/comments?post=147625"}],"version-history":[{"count":2,"href":"https:\/\/www.caririemacao.com\/1\/wp-json\/wp\/v2\/posts\/147625\/revisions"}],"predecessor-version":[{"id":147627,"href":"https:\/\/www.caririemacao.com\/1\/wp-json\/wp\/v2\/posts\/147625\/revisions\/147627"}],"wp:featuredmedia":[{"embeddable":true,"href":"https:\/\/www.caririemacao.com\/1\/wp-json\/wp\/v2\/media\/105260"}],"wp:attachment":[{"href":"https:\/\/www.caririemacao.com\/1\/wp-json\/wp\/v2\/media?parent=147625"}],"wp:term":[{"taxonomy":"category","embeddable":true,"href":"https:\/\/www.caririemacao.com\/1\/wp-json\/wp\/v2\/categories?post=147625"},{"taxonomy":"post_tag","embeddable":true,"href":"https:\/\/www.caririemacao.com\/1\/wp-json\/wp\/v2\/tags?post=147625"}],"curies":[{"name":"wp","href":"https:\/\/api.w.org\/{rel}","templated":true}]}}