{"id":147641,"date":"2020-01-20T08:49:01","date_gmt":"2020-01-20T11:49:01","guid":{"rendered":"http:\/\/www.caririemacao.com\/1\/?p=147641"},"modified":"2020-01-20T08:49:01","modified_gmt":"2020-01-20T11:49:01","slug":"bolsa-familia-primeiro-pagamento-de-2020-comeca-nesta-segunda","status":"publish","type":"post","link":"https:\/\/www.caririemacao.com\/1\/2020\/01\/20\/bolsa-familia-primeiro-pagamento-de-2020-comeca-nesta-segunda\/","title":{"rendered":"Bolsa Fam\u00edlia: primeiro pagamento de 2020 come\u00e7a nesta segunda"},"content":{"rendered":"\n<p> O pagamento do primeiro\u00a0<a rel=\"noreferrer noopener\" href=\"https:\/\/www.metropoles.com\/brasil\/politica-br\/bolsonaro-estuda-trocar-nome-do-bolsa-familia-com-novo-programa\" target=\"_blank\">Bolsa Fam\u00edlia<\/a>\u00a0do ano come\u00e7a nesta segunda-feira (20\/01\/2020). O\u00a0<a rel=\"noreferrer noopener\" href=\"http:\/\/www.desenvolvimentosocial.gov.br\/noticias\/ministerio-da-cidadania-inicia-pagamento-do-bolsa-familia-de-janeiro-nesta-segunda-feira-20\" target=\"_blank\">Minist\u00e9rio da Cidadania<\/a>\u00a0vai repassar R$ 2,526 bilh\u00f5es para 13,2 milh\u00f5es de fam\u00edlias em todo o pa\u00eds. O valor m\u00e9dio do benef\u00edcio \u00e9 de R$ 191.<\/p>\n\n\n\n<p>A fam\u00edlia de Deuselhia dos Santos, de Bras\u00edlia, \u00e9 uma das benefici\u00e1rias. Com oito filhos, a mulher de 54 anos conta que o repasse \u00e9 fundamental para o sustento da casa. \u201cComo eu estou desempregada, esse dinheiro \u00e9 fundamental para comprar comida para a fam\u00edlia todo m\u00eas. \u00c9 sagrado\u201d, contou.<\/p>\n\n\n\n<p>O ministro da Cidadania,&nbsp;<a href=\"https:\/\/www.metropoles.com\/tag\/osmar-terra\" target=\"_blank\" rel=\"noreferrer noopener\">Osmar Terra<\/a>, explicou que a pasta trabalha para garantir o&nbsp;<a href=\"https:\/\/www.metropoles.com\/brasil\/calendario-de-pagamento-do-bolsa-familia-2020-esta-no-ar-confira\" target=\"_blank\" rel=\"noreferrer noopener\">benef\u00edcio<\/a>&nbsp;de quem realmente precisa. \u201cN\u00f3s seguimos fazendo o pente-fino no programa, removendo quem n\u00e3o precisa do dinheiro. Assim, podemos garantir que fam\u00edlias realmente necessitadas tenham acesso ao benef\u00edcio\u201d, disse. Ainda segundo o ministro, o governo estuda melhorias no benef\u00edcio.<\/p>\n\n\n\n<p><em><strong>Not\u00edcias em Destaque<\/strong><\/em><\/p>\n","protected":false},"excerpt":{"rendered":"<p>O pagamento do primeiro\u00a0Bolsa Fam\u00edlia\u00a0do ano come\u00e7a nesta segunda-feira (20\/01\/2020). O\u00a0Minist\u00e9rio da Cidadania\u00a0vai repassar R$ 2,526 bilh\u00f5es para 13,2 milh\u00f5es de fam\u00edlias em todo o&hellip; <\/p>\n","protected":false},"author":1,"featured_media":88412,"comment_status":"closed","ping_status":"closed","sticky":false,"template":"","format":"standard","meta":{"sfsi_plus_gutenberg_text_before_share":"","sfsi_plus_gutenberg_show_text_before_share":"","sfsi_plus_gutenberg_icon_type":"","sfsi_plus_gutenberg_icon_alignemt":"","sfsi_plus_gutenburg_max_per_row":"","footnotes":""},"categories":[2],"tags":[],"class_list":["post-147641","post","type-post","status-publish","format-standard","has-post-thumbnail","hentry","category-geral"],"_links":{"self":[{"href":"https:\/\/www.caririemacao.com\/1\/wp-json\/wp\/v2\/posts\/147641","targetHints":{"allow":["GET"]}}],"collection":[{"href":"https:\/\/www.caririemacao.com\/1\/wp-json\/wp\/v2\/posts"}],"about":[{"href":"https:\/\/www.caririemacao.com\/1\/wp-json\/wp\/v2\/types\/post"}],"author":[{"embeddable":true,"href":"https:\/\/www.caririemacao.com\/1\/wp-json\/wp\/v2\/users\/1"}],"replies":[{"embeddable":true,"href":"https:\/\/www.caririemacao.com\/1\/wp-json\/wp\/v2\/comments?post=147641"}],"version-history":[{"count":1,"href":"https:\/\/www.caririemacao.com\/1\/wp-json\/wp\/v2\/posts\/147641\/revisions"}],"predecessor-version":[{"id":147645,"href":"https:\/\/www.caririemacao.com\/1\/wp-json\/wp\/v2\/posts\/147641\/revisions\/147645"}],"wp:featuredmedia":[{"embeddable":true,"href":"https:\/\/www.caririemacao.com\/1\/wp-json\/wp\/v2\/media\/88412"}],"wp:attachment":[{"href":"https:\/\/www.caririemacao.com\/1\/wp-json\/wp\/v2\/media?parent=147641"}],"wp:term":[{"taxonomy":"category","embeddable":true,"href":"https:\/\/www.caririemacao.com\/1\/wp-json\/wp\/v2\/categories?post=147641"},{"taxonomy":"post_tag","embeddable":true,"href":"https:\/\/www.caririemacao.com\/1\/wp-json\/wp\/v2\/tags?post=147641"}],"curies":[{"name":"wp","href":"https:\/\/api.w.org\/{rel}","templated":true}]}}