{"id":147671,"date":"2020-01-20T10:55:31","date_gmt":"2020-01-20T13:55:31","guid":{"rendered":"http:\/\/www.caririemacao.com\/1\/?p=147671"},"modified":"2020-01-20T10:55:31","modified_gmt":"2020-01-20T13:55:31","slug":"evangelica-morre-ao-sofrer-descarga-eletrica-enquanto-cantava-em-igreja-na-paraiba","status":"publish","type":"post","link":"https:\/\/www.caririemacao.com\/1\/2020\/01\/20\/evangelica-morre-ao-sofrer-descarga-eletrica-enquanto-cantava-em-igreja-na-paraiba\/","title":{"rendered":"Evang\u00e9lica morre ao sofrer descarga el\u00e9trica enquanto cantava em igreja na Para\u00edba"},"content":{"rendered":"\n<p>Uma mulher morreu v\u00edtima de uma descarga el\u00e9trica durante um culto, em Lagoa Seca, munic\u00edpio do Agreste paraibano, nesse domingo (19).<\/p>\n\n\n\n<p>De acordo com informa\u00e7\u00f5es, o triste fato ocorreu na comunidade Vila Florestal, quando a v\u00edtima estava cantando em uma igreja evang\u00e9lica.<\/p>\n\n\n\n<p>A mulher chegou a ser socorrida, mas acabou n\u00e3o resistindo.<\/p>\n","protected":false},"excerpt":{"rendered":"<p>Uma mulher morreu v\u00edtima de uma descarga el\u00e9trica durante um culto, em Lagoa Seca, munic\u00edpio do Agreste paraibano, nesse domingo (19). De acordo com informa\u00e7\u00f5es,&hellip; <\/p>\n","protected":false},"author":1,"featured_media":105260,"comment_status":"closed","ping_status":"closed","sticky":false,"template":"","format":"standard","meta":{"sfsi_plus_gutenberg_text_before_share":"","sfsi_plus_gutenberg_show_text_before_share":"","sfsi_plus_gutenberg_icon_type":"","sfsi_plus_gutenberg_icon_alignemt":"","sfsi_plus_gutenburg_max_per_row":"","footnotes":""},"categories":[12],"tags":[],"class_list":["post-147671","post","type-post","status-publish","format-standard","has-post-thumbnail","hentry","category-policia"],"_links":{"self":[{"href":"https:\/\/www.caririemacao.com\/1\/wp-json\/wp\/v2\/posts\/147671","targetHints":{"allow":["GET"]}}],"collection":[{"href":"https:\/\/www.caririemacao.com\/1\/wp-json\/wp\/v2\/posts"}],"about":[{"href":"https:\/\/www.caririemacao.com\/1\/wp-json\/wp\/v2\/types\/post"}],"author":[{"embeddable":true,"href":"https:\/\/www.caririemacao.com\/1\/wp-json\/wp\/v2\/users\/1"}],"replies":[{"embeddable":true,"href":"https:\/\/www.caririemacao.com\/1\/wp-json\/wp\/v2\/comments?post=147671"}],"version-history":[{"count":1,"href":"https:\/\/www.caririemacao.com\/1\/wp-json\/wp\/v2\/posts\/147671\/revisions"}],"predecessor-version":[{"id":147672,"href":"https:\/\/www.caririemacao.com\/1\/wp-json\/wp\/v2\/posts\/147671\/revisions\/147672"}],"wp:featuredmedia":[{"embeddable":true,"href":"https:\/\/www.caririemacao.com\/1\/wp-json\/wp\/v2\/media\/105260"}],"wp:attachment":[{"href":"https:\/\/www.caririemacao.com\/1\/wp-json\/wp\/v2\/media?parent=147671"}],"wp:term":[{"taxonomy":"category","embeddable":true,"href":"https:\/\/www.caririemacao.com\/1\/wp-json\/wp\/v2\/categories?post=147671"},{"taxonomy":"post_tag","embeddable":true,"href":"https:\/\/www.caririemacao.com\/1\/wp-json\/wp\/v2\/tags?post=147671"}],"curies":[{"name":"wp","href":"https:\/\/api.w.org\/{rel}","templated":true}]}}