{"id":147680,"date":"2020-01-20T10:58:27","date_gmt":"2020-01-20T13:58:27","guid":{"rendered":"http:\/\/www.caririemacao.com\/1\/?p=147680"},"modified":"2020-01-20T10:58:27","modified_gmt":"2020-01-20T13:58:27","slug":"estudantes-podem-se-inscrever-no-sisu-nesta-terca-prazo-vai-ate-sexta-feira","status":"publish","type":"post","link":"https:\/\/www.caririemacao.com\/1\/2020\/01\/20\/estudantes-podem-se-inscrever-no-sisu-nesta-terca-prazo-vai-ate-sexta-feira\/","title":{"rendered":"Estudantes podem se inscrever no Sisu nesta ter\u00e7a; prazo vai at\u00e9 sexta-feira"},"content":{"rendered":"\n<p>O Sistema de Sele\u00e7\u00e3o Unificada (Sisu) abre, nesta ter\u00e7a-feira (21), o calend\u00e1rio dos processos seletivos federais que usam o Enem como crit\u00e9rio de sele\u00e7\u00e3o. Neste semestre, o Sisu vai ofertar 237 mil vagas em 128 institui\u00e7\u00f5es de ensino superior p\u00fablicas. O prazo para se inscrever vai at\u00e9 sexta-feira (24).<\/p>\n\n\n\n<p>Para participar do Sisu, \u00e9 preciso ter feito o Enem 2019 e ter tirado nota acima de zero na prova de reda\u00e7\u00e3o. Na hora da inscri\u00e7\u00e3o no processo seletivo \u00e9 preciso informar o n\u00famero de inscri\u00e7\u00e3o do Enem e a senha atual cadastrada na&nbsp;P\u00e1gina do Participante.<\/p>\n\n\n\n<p>A nota do Enem est\u00e1 dispon\u00edvel desde sexta-feira (17) tanto no aplicativo, quanto na pr\u00f3pria P\u00e1gina do Participante. \u00c9 preciso informar o CPF e a senha cadastrada na hora da inscri\u00e7\u00e3o. Caso o candidato tenha esquecido&nbsp;a senha, pelo pr\u00f3prio sistema \u00e9 poss\u00edvel recuper\u00e1-la.<\/p>\n\n\n\n<p>\u00c9 essa senha que deve ser usada na hora da inscri\u00e7\u00e3o no Sisu. O n\u00famero de inscri\u00e7\u00e3o, que \u00e9 solicitado tamb\u00e9m para participar da sele\u00e7\u00e3o, est\u00e1 dispon\u00edvel para cada estudante na P\u00e1gina do Participante.<\/p>\n\n\n\n<p><strong>C\u00e1lculo da nota<\/strong><\/p>\n\n\n\n<p>Na hora da inscri\u00e7\u00e3o, \u00e9 poss\u00edvel escolher at\u00e9 duas op\u00e7\u00f5es de curso, de acordo com a ordem de prefer\u00eancia.<\/p>\n\n\n\n<p>Alguns cursos, no entanto, t\u00eam certas restri\u00e7\u00f5es. O Sisu d\u00e1 liberdade para as institui\u00e7\u00f5es de ensino definirem como usar\u00e3o o Enem. Assim, determinado curso pode exigir, por exemplo, uma m\u00e9dia m\u00ednima no Enem \u2013 que \u00e9 a soma de todas as notas obtidas nas provas do exame, dividida por cinco \u2013 ou mesmo uma nota m\u00ednima em determinada prova. Isso faz com que, dependendo da nota obtida, estudantes n\u00e3o sejam classificados para determinados cursos.<\/p>\n\n\n\n<p>\u00c9 poss\u00edvel tamb\u00e9m conferir pesos diferenciados para as provas. A nota em ci\u00eancias da natureza ou em matem\u00e1tica pode valer mais para um curso de f\u00edsica ou qu\u00edmica, por exemplo. Dessa forma, a nota do estudante pode variar dependendo do curso para o qual ele est\u00e1 concorrendo.<\/p>\n\n\n\n<p><strong>Nota de corte<\/strong><\/p>\n\n\n\n<p>Uma vez por dia, o Minist\u00e9rio da Educa\u00e7\u00e3o (MEC) divulga na p\u00e1gina do Sisu as notas de corte, que s\u00e3o as menores para os candidatos ficarem entre os selecionados na modalidade escolhida. A nota de corte \u00e9 calculada com base no n\u00famero de vagas e no total de candidatos inscritos.<\/p>\n\n\n\n<p>A nota de corte \u00e9 apenas uma refer\u00eancia para auxiliar o candidato no monitoramento de sua inscri\u00e7\u00e3o. Ela n\u00e3o garante que o estudante seja selecionado.<\/p>\n\n\n\n<p>\u00c9 poss\u00edvel alterar as op\u00e7\u00f5es de curso feitas at\u00e9 o final do per\u00edodo de inscri\u00e7\u00e3o. O Sisu considera v\u00e1lida a \u00faltima op\u00e7\u00e3o registrada pelos estudantes.<\/p>\n\n\n\n<p><strong>Reservas de vagas<\/strong><\/p>\n\n\n\n<p>Todas as universidades federais, institutos federais de educa\u00e7\u00e3o, ci\u00eancia e tecnologia e centros federais de educa\u00e7\u00e3o tecnol\u00f3gica participantes do Sisu oferecem vagas reservadas para estudantes que cursaram o ensino m\u00e9dio em escolas p\u00fablicas. H\u00e1 institui\u00e7\u00f5es participantes do Sisu que disponibilizam ainda uma parte de suas vagas para pol\u00edticas afirmativas pr\u00f3prias.<\/p>\n\n\n\n<p>No momento da inscri\u00e7\u00e3o, o participante deve optar por uma dessas modalidades, de acordo com o seu perfil. Os estudantes concorrem apenas com os demais candidatos que fazem a mesma op\u00e7\u00e3o, seja pela ampla concorr\u00eancia ou por alguma pol\u00edtica afirmativa. O sistema selecionar\u00e1, entre eles, os que obtiveram as melhores notas no Enem de 2019.<\/p>\n\n\n\n<p><strong>Cronograma<\/strong><\/p>\n\n\n\n<p>As inscri\u00e7\u00f5es para o Sisu podem ser feitas de 21 a 24 de janeiro. No dia 28 de janeiro ser\u00e1 divulgado o resultado da sele\u00e7\u00e3o. Os estudantes que forem aprovados dever\u00e3o fazer a matr\u00edcula nas institui\u00e7\u00f5es de ensino entre 29 de janeiro e 4 de fevereiro.<\/p>\n\n\n\n<p>Aqueles que n\u00e3o forem selecionados poder\u00e3o ainda participar da lista de espera. O prazo para se candidatar \u00e9 de 29 de janeiro a 4 de fevereiro. Os candidatos em lista de espera ser\u00e3o convocados pelas pr\u00f3prias institui\u00e7\u00f5es de ensino, entre 7 de fevereiro e 30 de abril.<\/p>\n\n\n\n<p><strong>Pr\u00f3ximos processos seletivos<\/strong><\/p>\n\n\n\n<p>Al\u00e9m de participar do Sisu, os estudantes podem usar as notas do Enem para concorrer a bolsas de estudo pelo Programa Universidade para Todos (ProUni). As inscri\u00e7\u00f5es poder\u00e3o ser feitas de 28 a 31 de janeiro. Podem tamb\u00e9m se inscrever no Programa de Financiamento Estudantil (Fies), de 5 a 12 de fevereiro.<\/p>\n\n\n\n<p>Os estudantes podem ainda usar as notas para cursar o ensino superior em&nbsp;Portugal. O Inep tem conv\u00eanio com mais de 40 institui\u00e7\u00f5es portuguesas.<\/p>\n\n\n\n<p>Institui\u00e7\u00f5es de ensino p\u00fablicas e privadas utilizam o Enem como forma de sele\u00e7\u00e3o independente dos programas de \u00e2mbito nacional. Os estudantes podem, portanto, consultar diretamente as institui\u00e7\u00f5es nas quais t\u00eam interesse em estudar.<\/p>\n\n\n\n<p><strong>Ag\u00eancia Brasil<\/strong><\/p>\n","protected":false},"excerpt":{"rendered":"<p>O Sistema de Sele\u00e7\u00e3o Unificada (Sisu) abre, nesta ter\u00e7a-feira (21), o calend\u00e1rio dos processos seletivos federais que usam o Enem como crit\u00e9rio de sele\u00e7\u00e3o. Neste&hellip; <\/p>\n","protected":false},"author":1,"featured_media":37864,"comment_status":"closed","ping_status":"closed","sticky":false,"template":"","format":"standard","meta":{"sfsi_plus_gutenberg_text_before_share":"","sfsi_plus_gutenberg_show_text_before_share":"","sfsi_plus_gutenberg_icon_type":"","sfsi_plus_gutenberg_icon_alignemt":"","sfsi_plus_gutenburg_max_per_row":"","footnotes":""},"categories":[50,14],"tags":[],"class_list":["post-147680","post","type-post","status-publish","format-standard","has-post-thumbnail","hentry","category-destaque","category-educacao"],"_links":{"self":[{"href":"https:\/\/www.caririemacao.com\/1\/wp-json\/wp\/v2\/posts\/147680","targetHints":{"allow":["GET"]}}],"collection":[{"href":"https:\/\/www.caririemacao.com\/1\/wp-json\/wp\/v2\/posts"}],"about":[{"href":"https:\/\/www.caririemacao.com\/1\/wp-json\/wp\/v2\/types\/post"}],"author":[{"embeddable":true,"href":"https:\/\/www.caririemacao.com\/1\/wp-json\/wp\/v2\/users\/1"}],"replies":[{"embeddable":true,"href":"https:\/\/www.caririemacao.com\/1\/wp-json\/wp\/v2\/comments?post=147680"}],"version-history":[{"count":1,"href":"https:\/\/www.caririemacao.com\/1\/wp-json\/wp\/v2\/posts\/147680\/revisions"}],"predecessor-version":[{"id":147681,"href":"https:\/\/www.caririemacao.com\/1\/wp-json\/wp\/v2\/posts\/147680\/revisions\/147681"}],"wp:featuredmedia":[{"embeddable":true,"href":"https:\/\/www.caririemacao.com\/1\/wp-json\/wp\/v2\/media\/37864"}],"wp:attachment":[{"href":"https:\/\/www.caririemacao.com\/1\/wp-json\/wp\/v2\/media?parent=147680"}],"wp:term":[{"taxonomy":"category","embeddable":true,"href":"https:\/\/www.caririemacao.com\/1\/wp-json\/wp\/v2\/categories?post=147680"},{"taxonomy":"post_tag","embeddable":true,"href":"https:\/\/www.caririemacao.com\/1\/wp-json\/wp\/v2\/tags?post=147680"}],"curies":[{"name":"wp","href":"https:\/\/api.w.org\/{rel}","templated":true}]}}