{"id":147685,"date":"2020-01-20T11:00:07","date_gmt":"2020-01-20T14:00:07","guid":{"rendered":"http:\/\/www.caririemacao.com\/1\/?p=147685"},"modified":"2020-01-20T11:00:07","modified_gmt":"2020-01-20T14:00:07","slug":"famup-realiza-evento-sobre-gestao-publica-e-inscricoes-se-encontram-abertas","status":"publish","type":"post","link":"https:\/\/www.caririemacao.com\/1\/2020\/01\/20\/famup-realiza-evento-sobre-gestao-publica-e-inscricoes-se-encontram-abertas\/","title":{"rendered":"Famup realiza evento sobre gest\u00e3o p\u00fablica e inscri\u00e7\u00f5es se encontram abertas"},"content":{"rendered":"\n<p>A Federa\u00e7\u00e3o das Associa\u00e7\u00f5es de Munic\u00edpios da Para\u00edba (Famup) prop\u00f5e, em mar\u00e7o de 2020, o I F\u00f3rum de Gest\u00e3o P\u00fablica e Controle Interno do Sert\u00e3o Paraibano. O evento tem por objetivo, reunir conhecimentos e debater acerca dos avan\u00e7os no \u00e2mbito da gest\u00e3o p\u00fablica.<\/p>\n\n\n\n<p>A a\u00e7\u00e3o acontece no munic\u00edpio de Patos, que ser\u00e1 palco para discuss\u00f5es entre gestores, pesquisadores, professores e estudantes que promover\u00e3o um ambiente prop\u00edcio para ideias, opini\u00f5es, experi\u00eancias e vis\u00f5es com o intuito de inspirar a construir uma gest\u00e3o de maior qualidade.<\/p>\n\n\n\n<p>Participam do evento, o Tribunal de Contas do Estado da Para\u00edba, a Universidade Estadual da Para\u00edba, o Conselho Regional de Contabilidade, o Conselho Regional de Administra\u00e7\u00e3o, o Sebrae e outras entidades.<\/p>\n\n\n\n<p>Com o tema \u201cavan\u00e7os e desafios para uma gest\u00e3o inteligente\u201d, a a\u00e7\u00e3o visa agregar informa\u00e7\u00f5es a respeito de controles externos e internos, com troca de conhecimento necess\u00e1rio das tr\u00eas esferas da federa\u00e7\u00e3o, al\u00e9m de semear boas pr\u00e1ticas oferecendo novos conceitos de desenvolvimento de projetos e novas tecnologias para uma perfeita adapta\u00e7\u00e3o na administra\u00e7\u00e3o de estados e munic\u00edpios.<\/p>\n\n\n\n<p><strong>Inscri\u00e7\u00f5es<\/strong>&nbsp;\u2013 O evento ter\u00e1 220 vagas dispon\u00edveis e \u00e9 destinado para profissionais que atuam na \u00e1rea de administra\u00e7\u00e3o, cont\u00e1beis, economia, direito, gest\u00e3o p\u00fablica, servidores p\u00fablicos e similares. Os interessados em participar do F\u00f3rum poder\u00e3o se inscrever, de forma virtual, a partir do dia 21 de janeiro.<\/p>\n","protected":false},"excerpt":{"rendered":"<p>A Federa\u00e7\u00e3o das Associa\u00e7\u00f5es de Munic\u00edpios da Para\u00edba (Famup) prop\u00f5e, em mar\u00e7o de 2020, o I F\u00f3rum de Gest\u00e3o P\u00fablica e Controle Interno do Sert\u00e3o&hellip; <\/p>\n","protected":false},"author":1,"featured_media":147690,"comment_status":"closed","ping_status":"closed","sticky":false,"template":"","format":"standard","meta":{"sfsi_plus_gutenberg_text_before_share":"","sfsi_plus_gutenberg_show_text_before_share":"","sfsi_plus_gutenberg_icon_type":"","sfsi_plus_gutenberg_icon_alignemt":"","sfsi_plus_gutenburg_max_per_row":"","footnotes":""},"categories":[6],"tags":[],"class_list":["post-147685","post","type-post","status-publish","format-standard","has-post-thumbnail","hentry","category-cidades"],"_links":{"self":[{"href":"https:\/\/www.caririemacao.com\/1\/wp-json\/wp\/v2\/posts\/147685","targetHints":{"allow":["GET"]}}],"collection":[{"href":"https:\/\/www.caririemacao.com\/1\/wp-json\/wp\/v2\/posts"}],"about":[{"href":"https:\/\/www.caririemacao.com\/1\/wp-json\/wp\/v2\/types\/post"}],"author":[{"embeddable":true,"href":"https:\/\/www.caririemacao.com\/1\/wp-json\/wp\/v2\/users\/1"}],"replies":[{"embeddable":true,"href":"https:\/\/www.caririemacao.com\/1\/wp-json\/wp\/v2\/comments?post=147685"}],"version-history":[{"count":1,"href":"https:\/\/www.caririemacao.com\/1\/wp-json\/wp\/v2\/posts\/147685\/revisions"}],"predecessor-version":[{"id":147691,"href":"https:\/\/www.caririemacao.com\/1\/wp-json\/wp\/v2\/posts\/147685\/revisions\/147691"}],"wp:featuredmedia":[{"embeddable":true,"href":"https:\/\/www.caririemacao.com\/1\/wp-json\/wp\/v2\/media\/147690"}],"wp:attachment":[{"href":"https:\/\/www.caririemacao.com\/1\/wp-json\/wp\/v2\/media?parent=147685"}],"wp:term":[{"taxonomy":"category","embeddable":true,"href":"https:\/\/www.caririemacao.com\/1\/wp-json\/wp\/v2\/categories?post=147685"},{"taxonomy":"post_tag","embeddable":true,"href":"https:\/\/www.caririemacao.com\/1\/wp-json\/wp\/v2\/tags?post=147685"}],"curies":[{"name":"wp","href":"https:\/\/api.w.org\/{rel}","templated":true}]}}