{"id":147694,"date":"2020-01-20T11:01:45","date_gmt":"2020-01-20T14:01:45","guid":{"rendered":"http:\/\/www.caririemacao.com\/1\/?p=147694"},"modified":"2020-01-20T11:01:45","modified_gmt":"2020-01-20T14:01:45","slug":"vaquejada-de-sume-comeca-nesta-quinta-feira-com-r-155-mil-em-premios-e-grandes-shows","status":"publish","type":"post","link":"https:\/\/www.caririemacao.com\/1\/2020\/01\/20\/vaquejada-de-sume-comeca-nesta-quinta-feira-com-r-155-mil-em-premios-e-grandes-shows\/","title":{"rendered":"Vaquejada de Sum\u00e9 come\u00e7a nesta quinta-feira com R$ 155 mil em pr\u00eamios e grandes shows"},"content":{"rendered":"\n<p>Come\u00e7a nesta quinta-feira, dia 23, Tradicional Vaquejada do Parque Haras Vila Cowtry, em Sum\u00e9. A vaquejada ter\u00e1 R$ 155 mil em pr\u00eamios para as categorias derby, feminina, estrela, acesso e aberto.<\/p>\n\n\n\n<p>Na sexta-feira, dia 24, haver\u00e1 shows musiciais com Bob L\u00e9o Mercadoria e R\u00e1gner Vox, e no s\u00e1bado, dia 25, shows com as Bandas Mastruz com Leite, Cavalo de Pau e Vil\u00f5es do Forr\u00f3. No domingo, encerrando a grande vaquejada, show com Adriano Silva.<\/p>\n\n\n\n<p>O organizador da festa, Macarr\u00e3o Tibiu, destacou que a Vaquejada de Sum\u00e9 faz parte do Campeonato PEPB, que re\u00fane parques de vaquejada do Pernambuco e da Para\u00edba. Ele ainda destacou que a vaquejada ter\u00e1 in\u00edcio as 7hs da quinta-feira, com a classifica\u00e7\u00e3o da categoria aberta.<\/p>\n\n\n\n<p>Ainda de acordo com Macarr\u00e3o, uma grande estrutura est\u00e1 sendo preparada para receber os vaqueiros e visitantes, e o Parque Haras Vila Cowtry est\u00e1 de portas abertas para receber a todos em mais uma grande vaquejada.<\/p>\n\n\n\n<div class=\"wp-block-image\"><figure class=\"aligncenter\"><img decoding=\"async\" data-src=\"https:\/\/i1.wp.com\/www.vitrinedocariri.com.br\/wp-content\/uploads\/2020\/01\/003-8.jpg?zoom=2&amp;resize=330%2C330&amp;ssl=1\" alt=\"\" class=\"wp-image-62283 lazyload\" src=\"data:image\/svg+xml;base64,PHN2ZyB3aWR0aD0iMSIgaGVpZ2h0PSIxIiB4bWxucz0iaHR0cDovL3d3dy53My5vcmcvMjAwMC9zdmciPjwvc3ZnPg==\" \/><\/figure><\/div>\n","protected":false},"excerpt":{"rendered":"<p>Come\u00e7a nesta quinta-feira, dia 23, Tradicional Vaquejada do Parque Haras Vila Cowtry, em Sum\u00e9. A vaquejada ter\u00e1 R$ 155 mil em pr\u00eamios para as categorias&hellip; <\/p>\n","protected":false},"author":1,"featured_media":147697,"comment_status":"closed","ping_status":"closed","sticky":false,"template":"","format":"standard","meta":{"sfsi_plus_gutenberg_text_before_share":"","sfsi_plus_gutenberg_show_text_before_share":"","sfsi_plus_gutenberg_icon_type":"","sfsi_plus_gutenberg_icon_alignemt":"","sfsi_plus_gutenburg_max_per_row":"","footnotes":""},"categories":[6],"tags":[],"class_list":["post-147694","post","type-post","status-publish","format-standard","has-post-thumbnail","hentry","category-cidades"],"_links":{"self":[{"href":"https:\/\/www.caririemacao.com\/1\/wp-json\/wp\/v2\/posts\/147694","targetHints":{"allow":["GET"]}}],"collection":[{"href":"https:\/\/www.caririemacao.com\/1\/wp-json\/wp\/v2\/posts"}],"about":[{"href":"https:\/\/www.caririemacao.com\/1\/wp-json\/wp\/v2\/types\/post"}],"author":[{"embeddable":true,"href":"https:\/\/www.caririemacao.com\/1\/wp-json\/wp\/v2\/users\/1"}],"replies":[{"embeddable":true,"href":"https:\/\/www.caririemacao.com\/1\/wp-json\/wp\/v2\/comments?post=147694"}],"version-history":[{"count":1,"href":"https:\/\/www.caririemacao.com\/1\/wp-json\/wp\/v2\/posts\/147694\/revisions"}],"predecessor-version":[{"id":147698,"href":"https:\/\/www.caririemacao.com\/1\/wp-json\/wp\/v2\/posts\/147694\/revisions\/147698"}],"wp:featuredmedia":[{"embeddable":true,"href":"https:\/\/www.caririemacao.com\/1\/wp-json\/wp\/v2\/media\/147697"}],"wp:attachment":[{"href":"https:\/\/www.caririemacao.com\/1\/wp-json\/wp\/v2\/media?parent=147694"}],"wp:term":[{"taxonomy":"category","embeddable":true,"href":"https:\/\/www.caririemacao.com\/1\/wp-json\/wp\/v2\/categories?post=147694"},{"taxonomy":"post_tag","embeddable":true,"href":"https:\/\/www.caririemacao.com\/1\/wp-json\/wp\/v2\/tags?post=147694"}],"curies":[{"name":"wp","href":"https:\/\/api.w.org\/{rel}","templated":true}]}}