{"id":147700,"date":"2020-01-20T11:39:28","date_gmt":"2020-01-20T14:39:28","guid":{"rendered":"http:\/\/www.caririemacao.com\/1\/?p=147700"},"modified":"2020-01-20T11:39:28","modified_gmt":"2020-01-20T14:39:28","slug":"producao-cinematografica-que-sera-rodada-em-monteiro-conta-com-o-apoio-da-gestao-municipal","status":"publish","type":"post","link":"https:\/\/www.caririemacao.com\/1\/2020\/01\/20\/producao-cinematografica-que-sera-rodada-em-monteiro-conta-com-o-apoio-da-gestao-municipal\/","title":{"rendered":"Produ\u00e7\u00e3o cinematogr\u00e1fica que ser\u00e1 rodada em Monteiro conta com o apoio da gest\u00e3o municipal"},"content":{"rendered":"\n<p>A seca, realidade bem conhecida pelos nordestinos, especialmente os sertanejos e caririzeiros, este \u00e9 o tema do filme Veredas D\u2019um Sertanejo. <\/p>\n\n\n\n<p>Nada mais justo que a loca\u00e7\u00e3o escolhida ser a bela cidade de Monteiro, no interior da Para\u00edba.<\/p>\n\n\n\n<p>No \u00faltimo dia 09 a prefeita Anna Lorena recebeu em seu gabinete o diretor Silvio Toledo para fechar os \u00faltimos detalhes das grava\u00e7\u00f5es que ser\u00e3o iniciadas em julho do corrente ano. <\/p>\n\n\n\n<p>\u201c\u00c9 uma alegria muito grande poder cooperar para que esta produ\u00e7\u00e3o seja feita em Monteiro, levando a beleza da nossa cidade para milh\u00f5es de pessoas. Afinamos os detalhes e agora \u00e9 vencer a ansiedade e aguardar, comenta a gestora.<\/p>\n\n\n\n<p>A hist\u00f3ria do Z\u00e9, em Veredas D\u2019um Sertanejo, \u00e9 um drama, narrado pelo pr\u00f3prio personagem e j\u00e1 foi encenado no Rio de Janeiro, e conta como \u00e9 a realidade do sertanejo que viu sua fam\u00edlia ser dizimada pela seca. <\/p>\n\n\n\n<p>Os dias se arrastam enquanto o homem esperan\u00e7oso aguarda o retorno de seu filho mais velho que foi pra cidade grande em busca de expectativas melhores de vida, prometendo busc\u00e1-lo e tir\u00e1-lo do Sert\u00e3o da Para\u00edba onde vive num cen\u00e1rio triste e solit\u00e1rio.<\/p>\n\n\n\n<p>\u201c\u00c9 um retrato do povo sofrido do sert\u00e3o, mostrando a poesia dentro de uma situa\u00e7\u00e3o desfavor\u00e1vel. A personagem Z\u00e9 \u2013 da inf\u00e2ncia \u00e0 velhice \u2013 protagoniza o filme\u201d, disse o diretor Silvio Toledo, ressaltando que esse \u00e9 um projeto independente.<\/p>\n\n\n\n<p>Para a popula\u00e7\u00e3o monteirense que recebeu a not\u00edcia atrav\u00e9s dos canais de comunica\u00e7\u00e3o, n\u00e3o s\u00f3 a hist\u00f3ria gera curiosidade, como tamb\u00e9m toda a rotina de grava\u00e7\u00f5es, bem como os atores de renome nacional que far\u00e3o parte do projeto. <\/p>\n\n\n\n<p>\u201cEstamos contando as horas pra ver tudo isso de perto. A expectativa \u00e9 grande pra ver todos os atores tamb\u00e9m, tem v\u00e1rios que conhecemos pela TV Globo, tem Amazan tamb\u00e9m. S\u00f3 sei que vai ser bom.\u201d, conta Liliane Silva.<\/p>\n\n\n\n<p>O filme Veredas D\u2019um Sertanejo conta com todo o apoio da administra\u00e7\u00e3o municipal de Monteiro, por meio da Secretaria de Cultura e Turismo.<\/p>\n","protected":false},"excerpt":{"rendered":"<p>A seca, realidade bem conhecida pelos nordestinos, especialmente os sertanejos e caririzeiros, este \u00e9 o tema do filme Veredas D\u2019um Sertanejo. Nada mais justo que&hellip; <\/p>\n","protected":false},"author":1,"featured_media":147702,"comment_status":"closed","ping_status":"closed","sticky":false,"template":"","format":"standard","meta":{"sfsi_plus_gutenberg_text_before_share":"","sfsi_plus_gutenberg_show_text_before_share":"","sfsi_plus_gutenberg_icon_type":"","sfsi_plus_gutenberg_icon_alignemt":"","sfsi_plus_gutenburg_max_per_row":"","footnotes":""},"categories":[2],"tags":[],"class_list":["post-147700","post","type-post","status-publish","format-standard","has-post-thumbnail","hentry","category-geral"],"_links":{"self":[{"href":"https:\/\/www.caririemacao.com\/1\/wp-json\/wp\/v2\/posts\/147700","targetHints":{"allow":["GET"]}}],"collection":[{"href":"https:\/\/www.caririemacao.com\/1\/wp-json\/wp\/v2\/posts"}],"about":[{"href":"https:\/\/www.caririemacao.com\/1\/wp-json\/wp\/v2\/types\/post"}],"author":[{"embeddable":true,"href":"https:\/\/www.caririemacao.com\/1\/wp-json\/wp\/v2\/users\/1"}],"replies":[{"embeddable":true,"href":"https:\/\/www.caririemacao.com\/1\/wp-json\/wp\/v2\/comments?post=147700"}],"version-history":[{"count":1,"href":"https:\/\/www.caririemacao.com\/1\/wp-json\/wp\/v2\/posts\/147700\/revisions"}],"predecessor-version":[{"id":147703,"href":"https:\/\/www.caririemacao.com\/1\/wp-json\/wp\/v2\/posts\/147700\/revisions\/147703"}],"wp:featuredmedia":[{"embeddable":true,"href":"https:\/\/www.caririemacao.com\/1\/wp-json\/wp\/v2\/media\/147702"}],"wp:attachment":[{"href":"https:\/\/www.caririemacao.com\/1\/wp-json\/wp\/v2\/media?parent=147700"}],"wp:term":[{"taxonomy":"category","embeddable":true,"href":"https:\/\/www.caririemacao.com\/1\/wp-json\/wp\/v2\/categories?post=147700"},{"taxonomy":"post_tag","embeddable":true,"href":"https:\/\/www.caririemacao.com\/1\/wp-json\/wp\/v2\/tags?post=147700"}],"curies":[{"name":"wp","href":"https:\/\/api.w.org\/{rel}","templated":true}]}}