{"id":147709,"date":"2020-01-20T11:54:49","date_gmt":"2020-01-20T14:54:49","guid":{"rendered":"http:\/\/www.caririemacao.com\/1\/?p=147709"},"modified":"2020-01-20T11:54:49","modified_gmt":"2020-01-20T14:54:49","slug":"prefeito-de-caraubas-silvano-dudu-participa-de-reuniao-do-cisco-e-garante-recursos-para-construcao-de-60sessenta-cisternas-para-o-municipio","status":"publish","type":"post","link":"https:\/\/www.caririemacao.com\/1\/2020\/01\/20\/prefeito-de-caraubas-silvano-dudu-participa-de-reuniao-do-cisco-e-garante-recursos-para-construcao-de-60sessenta-cisternas-para-o-municipio\/","title":{"rendered":"Prefeito de Cara\u00fabas, Silvano Dudu, participa de reuni\u00e3o do CISCO e garante recursos para constru\u00e7\u00e3o de 60(SESSENTA) Cisternas para o munic\u00edpio"},"content":{"rendered":"\n<p>O prefeito Silvano Dudu do munic\u00edpio de Cara\u00fabas, participou na \u00faltima sexta-feira, dia 17 de janeiro do corrente, de importante reuni\u00e3o com v\u00e1rios gestores do cariri paraibano na cidade de Sum\u00e9 e que s\u00e3o integrantes do CISCO \u2013 Consorcio Intermunicipal da Sa\u00fade do Cariri Ocidental.<\/p>\n\n\n\n<p>De acordo com o prefeito o munic\u00edpio ir\u00e1 disponibilizar recursos de aproximadamente R$ 14.000,00(Quatorze Mil Reais) a t\u00edtulo de contrapartida financeira e o restante ser\u00e1 disponibilizado pelo conv\u00eanio firmado com o cons\u00f3rcio. Vamos beneficiar todas aquelas fam\u00edlias que ainda n\u00e3o disp\u00f5e de cisternas ou de um local para armazenamento d\u2019\u00e1gua, disse o prefeito.<\/p>\n\n\n\n<p>Segundo levantamento de dados da Secretaria da Agricultura do munic\u00edpio, em 2017, mais de 150(cento e cinquenta) fam\u00edlias n\u00e3o dispunha de uma cisterna. Ao longo desses tr\u00eas primeiros anos de mandato, conseguimos reduzir consideravelmente essa demanda e iremos atender as que ainda faltam, afirmou o secret\u00e1rio da agricultura Rone Feitoza.O Conv\u00eanio foi realizado\u00a0 com o Minist\u00e9rio da Cidadania, que vai viabilizar a constru\u00e7\u00e3o de Cisternas de placas nos munic\u00edpios contemplados pelo Cisco.<\/p>\n\n\n\n<p>O Valor total do investimento e de R$ 4.011,599,91(Quatro Milh\u00f5es, Onze Mil, Quinhentos e Noventa e Nove Reais e Noventa e Um Centavos).<\/p>\n\n\n\n<p>Silvano Dudu afirmou que com a escassez de chuvas muitos moradores sofrem com a falta de um espa\u00e7o para armazenar ou colocar \u00e1gua.<\/p>\n\n\n\n<p>Com uma cisterna a popula\u00e7\u00e3o, mesmo que n\u00e3o tenha inverno regular, ter\u00e1 um local apropriado para armazenar a \u00e1gua que servir\u00e1 para acalentar a sede de quem mais precisa, concluiu ele.<\/p>\n\n\n\n<p>Vamos verificar junto a Secretaria da Agricultura quais as comunidades e fam\u00edlias que ainda n\u00e3o tem esse tipo de reservat\u00f3rio para que possamos destinar a sua constru\u00e7\u00e3o, afirmou o prefeito satisfeito com a presente a\u00e7\u00e3o. <\/p>\n\n\n\n<p>\u00c9 mais obras que chegam ao nosso munic\u00edpio gra\u00e7as a dedica\u00e7\u00e3o e preocupa\u00e7\u00e3o que temos com os nossos queridos irm\u00e3os caraubenses, afirmou o prefeito.<br><\/p>\n\n\n\n<p><\/p>\n\n\n\n<p>Fonte:\u00a0<strong>SEPLACOM<\/strong><\/p>\n","protected":false},"excerpt":{"rendered":"<p>O prefeito Silvano Dudu do munic\u00edpio de Cara\u00fabas, participou na \u00faltima sexta-feira, dia 17 de janeiro do corrente, de importante reuni\u00e3o com v\u00e1rios gestores do&hellip; <\/p>\n","protected":false},"author":1,"featured_media":147711,"comment_status":"closed","ping_status":"closed","sticky":false,"template":"","format":"standard","meta":{"sfsi_plus_gutenberg_text_before_share":"","sfsi_plus_gutenberg_show_text_before_share":"","sfsi_plus_gutenberg_icon_type":"","sfsi_plus_gutenberg_icon_alignemt":"","sfsi_plus_gutenburg_max_per_row":"","footnotes":""},"categories":[6],"tags":[],"class_list":["post-147709","post","type-post","status-publish","format-standard","has-post-thumbnail","hentry","category-cidades"],"_links":{"self":[{"href":"https:\/\/www.caririemacao.com\/1\/wp-json\/wp\/v2\/posts\/147709","targetHints":{"allow":["GET"]}}],"collection":[{"href":"https:\/\/www.caririemacao.com\/1\/wp-json\/wp\/v2\/posts"}],"about":[{"href":"https:\/\/www.caririemacao.com\/1\/wp-json\/wp\/v2\/types\/post"}],"author":[{"embeddable":true,"href":"https:\/\/www.caririemacao.com\/1\/wp-json\/wp\/v2\/users\/1"}],"replies":[{"embeddable":true,"href":"https:\/\/www.caririemacao.com\/1\/wp-json\/wp\/v2\/comments?post=147709"}],"version-history":[{"count":1,"href":"https:\/\/www.caririemacao.com\/1\/wp-json\/wp\/v2\/posts\/147709\/revisions"}],"predecessor-version":[{"id":147712,"href":"https:\/\/www.caririemacao.com\/1\/wp-json\/wp\/v2\/posts\/147709\/revisions\/147712"}],"wp:featuredmedia":[{"embeddable":true,"href":"https:\/\/www.caririemacao.com\/1\/wp-json\/wp\/v2\/media\/147711"}],"wp:attachment":[{"href":"https:\/\/www.caririemacao.com\/1\/wp-json\/wp\/v2\/media?parent=147709"}],"wp:term":[{"taxonomy":"category","embeddable":true,"href":"https:\/\/www.caririemacao.com\/1\/wp-json\/wp\/v2\/categories?post=147709"},{"taxonomy":"post_tag","embeddable":true,"href":"https:\/\/www.caririemacao.com\/1\/wp-json\/wp\/v2\/tags?post=147709"}],"curies":[{"name":"wp","href":"https:\/\/api.w.org\/{rel}","templated":true}]}}