{"id":147726,"date":"2020-01-20T12:21:04","date_gmt":"2020-01-20T15:21:04","guid":{"rendered":"http:\/\/www.caririemacao.com\/1\/?p=147726"},"modified":"2020-01-20T12:21:04","modified_gmt":"2020-01-20T15:21:04","slug":"secretaria-da-agricultura-de-caraubas-iniciara-amanha-distribuicao-de-sementes-com-agricultores","status":"publish","type":"post","link":"https:\/\/www.caririemacao.com\/1\/2020\/01\/20\/secretaria-da-agricultura-de-caraubas-iniciara-amanha-distribuicao-de-sementes-com-agricultores\/","title":{"rendered":"Secretaria da Agricultura de Cara\u00fabas iniciar\u00e1 amanh\u00e3 distribui\u00e7\u00e3o de sementes com agricultores"},"content":{"rendered":"\n<p>A Secretaria da Agricultura e Abastecimento do munic\u00edpio de Cara\u00fabas iniciar\u00e1 nesta ter\u00e7a-feira, dia 21\/01, a distribui\u00e7\u00e3o de sementes de milho, feij\u00e3o e sorgo com os agricultores cadastrados e benefici\u00e1rios do Programa Garantia Safra. <\/p>\n\n\n\n<p>Dever\u00e3o ser contemplados 371(Trezentos e Setenta e Um) agricultores do munic\u00edpio.De acordo com o secret\u00e1rio da Agricultura, Rone Feitoza, a distribui\u00e7\u00e3o acontecer\u00e1 nesta ter\u00e7a e quarta-feira, durante os dois expedientes(manh\u00e3 e tarde), no Centro de Apoio ao Produtor Rural, na Secretaria da Agricultura na cidade de Cara\u00fabas e na quinta-feira, dia 23\/01, a partir das 8h., no antigo Mercado P\u00fablico do Distrito de Barreiras.<\/p>\n\n\n\n<p>A distribui\u00e7\u00e3o de sementes s\u00f3 foi poss\u00edvel gra\u00e7as a uma parceria do Governo do Estado da Para\u00edba atrav\u00e9s da SEDAP e EMPAER, dentro do programa Estadual de Distribui\u00e7\u00e3o de Sementes Certificadas para a safra 2019\/2020, a pedido do prefeito Silvano Dudu ainda no exerc\u00edcio de 2019. Foram disponibilizadas mais de uma tonelada de sementes para o munic\u00edpio de Cara\u00fabas.<\/p>\n\n\n\n<p>Com a expectativa de um bom ano de inverno para a regi\u00e3o semi\u00e1rida de acordo com os dados fornecidos pela AESA, existe a esperan\u00e7a de uma safra recorde na produ\u00e7\u00e3o de sementes. <\/p>\n\n\n\n<p>Espero que com os servi\u00e7os de ara\u00e7\u00e3o de terra que estamos realizando, com a distribui\u00e7\u00e3o de sementes existentes agora, possamos concretizar com a chegada da esta\u00e7\u00e3o invernosa um excelente ano agr\u00edcola para nossos produtores rurais, afirmou o secret\u00e1rio Rone Feitoza.<\/p>\n\n\n\n<p>O prefeito Silvano Dudu vem realizando um trabalho gigantesco em sua gest\u00e3o e n\u00e3o poderia ser diferente com a aten\u00e7\u00e3o que a agricultura do munic\u00edpio vem tendo. O homem do campo pode ficar tranquilo que n\u00e3o ir\u00e1 faltar dedica\u00e7\u00e3o e muito esfor\u00e7o para contemplar todos com algum tipo de investimento, seja atrav\u00e9s de abastecimento d\u2019\u00e1gua, prepara\u00e7\u00e3o do solo, distribui\u00e7\u00e3o de sementes, opera\u00e7\u00e3o pipa, enfim, manteremos a pol\u00edtica de assist\u00eancia a todos que residem em \u00e1rea rural garantindo a sua perman\u00eancia na propriedade e evitando o \u00eaxodo rural, concluiu ele.<\/p>\n\n\n\n<p><br>Fonte:\u00a0<strong>SEPLACOM<\/strong><\/p>\n","protected":false},"excerpt":{"rendered":"<p>A Secretaria da Agricultura e Abastecimento do munic\u00edpio de Cara\u00fabas iniciar\u00e1 nesta ter\u00e7a-feira, dia 21\/01, a distribui\u00e7\u00e3o de sementes de milho, feij\u00e3o e sorgo com&hellip; <\/p>\n","protected":false},"author":1,"featured_media":147731,"comment_status":"closed","ping_status":"closed","sticky":false,"template":"","format":"standard","meta":{"sfsi_plus_gutenberg_text_before_share":"","sfsi_plus_gutenberg_show_text_before_share":"","sfsi_plus_gutenberg_icon_type":"","sfsi_plus_gutenberg_icon_alignemt":"","sfsi_plus_gutenburg_max_per_row":"","footnotes":""},"categories":[6],"tags":[],"class_list":["post-147726","post","type-post","status-publish","format-standard","has-post-thumbnail","hentry","category-cidades"],"_links":{"self":[{"href":"https:\/\/www.caririemacao.com\/1\/wp-json\/wp\/v2\/posts\/147726","targetHints":{"allow":["GET"]}}],"collection":[{"href":"https:\/\/www.caririemacao.com\/1\/wp-json\/wp\/v2\/posts"}],"about":[{"href":"https:\/\/www.caririemacao.com\/1\/wp-json\/wp\/v2\/types\/post"}],"author":[{"embeddable":true,"href":"https:\/\/www.caririemacao.com\/1\/wp-json\/wp\/v2\/users\/1"}],"replies":[{"embeddable":true,"href":"https:\/\/www.caririemacao.com\/1\/wp-json\/wp\/v2\/comments?post=147726"}],"version-history":[{"count":1,"href":"https:\/\/www.caririemacao.com\/1\/wp-json\/wp\/v2\/posts\/147726\/revisions"}],"predecessor-version":[{"id":147732,"href":"https:\/\/www.caririemacao.com\/1\/wp-json\/wp\/v2\/posts\/147726\/revisions\/147732"}],"wp:featuredmedia":[{"embeddable":true,"href":"https:\/\/www.caririemacao.com\/1\/wp-json\/wp\/v2\/media\/147731"}],"wp:attachment":[{"href":"https:\/\/www.caririemacao.com\/1\/wp-json\/wp\/v2\/media?parent=147726"}],"wp:term":[{"taxonomy":"category","embeddable":true,"href":"https:\/\/www.caririemacao.com\/1\/wp-json\/wp\/v2\/categories?post=147726"},{"taxonomy":"post_tag","embeddable":true,"href":"https:\/\/www.caririemacao.com\/1\/wp-json\/wp\/v2\/tags?post=147726"}],"curies":[{"name":"wp","href":"https:\/\/api.w.org\/{rel}","templated":true}]}}