{"id":147735,"date":"2020-01-20T12:24:31","date_gmt":"2020-01-20T15:24:31","guid":{"rendered":"http:\/\/www.caririemacao.com\/1\/?p=147735"},"modified":"2020-01-20T12:24:31","modified_gmt":"2020-01-20T15:24:31","slug":"secretaria-de-educacao-de-amparo-divulga-o-calendario-das-matriculas-escolares-para-o-ano-letivo-de-2020","status":"publish","type":"post","link":"https:\/\/www.caririemacao.com\/1\/2020\/01\/20\/secretaria-de-educacao-de-amparo-divulga-o-calendario-das-matriculas-escolares-para-o-ano-letivo-de-2020\/","title":{"rendered":"Secretaria de Educa\u00e7\u00e3o de Amparo divulga o Calend\u00e1rio das Matr\u00edculas Escolares para o ano letivo de 2020"},"content":{"rendered":"\n<p>A Secretaria de Educa\u00e7\u00e3o de Amparo divulgou o calend\u00e1rio das Matriculas da Rede Municipal de Ensino para o ano letivo de 2020 na escola Juvenal Ferreira de Brito e no col\u00e9gio Ildefonso A. da Silva.<br>As matriculas estar\u00e3o sendo realizadas nas sedes das escolas no per\u00edodo de 21 de Janeiro a 03 de Fevereiro, confira o cronograma:<br><\/p>\n\n\n\n<p><strong>Ildefonso Anselmo da Silva:<\/strong>Manh\u00e3: 08h00min \u00e0s 11h00min;Tarde: 14h00min \u00e0s 17h00min.<br><strong>Juvenal Ferreira de Brito:<\/strong>Hor\u00e1rio corrido: das 07h30min \u00e0s 13h00min.<br><\/p>\n\n\n\n<p>Para os alunos novatos ou com pend\u00eancias em matriculas, \u00e9 ser\u00e1 necess\u00e1ria a seguinte documenta\u00e7\u00e3o dos alunos e tamb\u00e9m dos pais ou respons\u00e1veis:<\/p>\n\n\n\n<p><\/p>\n\n\n\n<ul class=\"wp-block-list\"><li>Certid\u00e3o de Nascimento;<\/li><li>NIS;<\/li><li>Comprova\u00e7\u00e3o da tipagem sangu\u00ednea;<\/li><li>RG;<\/li><li>CPF;<\/li><li>Cart\u00e3o de Vacina\u00e7\u00e3o (Para crian\u00e7as de at\u00e9 5 anos).<\/li><\/ul>\n\n\n\n<p><strong>Observa\u00e7\u00e3o:&nbsp;<\/strong>Estar\u00e3o sendo realizadas matr\u00edculas para o maternal apenas crian\u00e7as que completem 3 anos at\u00e9 o dia 25 de Maio.<\/p>\n\n\n\n<p>Amparo Ligado<\/p>\n","protected":false},"excerpt":{"rendered":"<p>A Secretaria de Educa\u00e7\u00e3o de Amparo divulgou o calend\u00e1rio das Matriculas da Rede Municipal de Ensino para o ano letivo de 2020 na escola Juvenal&hellip; <\/p>\n","protected":false},"author":1,"featured_media":147736,"comment_status":"closed","ping_status":"closed","sticky":false,"template":"","format":"standard","meta":{"sfsi_plus_gutenberg_text_before_share":"","sfsi_plus_gutenberg_show_text_before_share":"","sfsi_plus_gutenberg_icon_type":"","sfsi_plus_gutenberg_icon_alignemt":"","sfsi_plus_gutenburg_max_per_row":"","footnotes":""},"categories":[2],"tags":[],"class_list":["post-147735","post","type-post","status-publish","format-standard","has-post-thumbnail","hentry","category-geral"],"_links":{"self":[{"href":"https:\/\/www.caririemacao.com\/1\/wp-json\/wp\/v2\/posts\/147735","targetHints":{"allow":["GET"]}}],"collection":[{"href":"https:\/\/www.caririemacao.com\/1\/wp-json\/wp\/v2\/posts"}],"about":[{"href":"https:\/\/www.caririemacao.com\/1\/wp-json\/wp\/v2\/types\/post"}],"author":[{"embeddable":true,"href":"https:\/\/www.caririemacao.com\/1\/wp-json\/wp\/v2\/users\/1"}],"replies":[{"embeddable":true,"href":"https:\/\/www.caririemacao.com\/1\/wp-json\/wp\/v2\/comments?post=147735"}],"version-history":[{"count":1,"href":"https:\/\/www.caririemacao.com\/1\/wp-json\/wp\/v2\/posts\/147735\/revisions"}],"predecessor-version":[{"id":147737,"href":"https:\/\/www.caririemacao.com\/1\/wp-json\/wp\/v2\/posts\/147735\/revisions\/147737"}],"wp:featuredmedia":[{"embeddable":true,"href":"https:\/\/www.caririemacao.com\/1\/wp-json\/wp\/v2\/media\/147736"}],"wp:attachment":[{"href":"https:\/\/www.caririemacao.com\/1\/wp-json\/wp\/v2\/media?parent=147735"}],"wp:term":[{"taxonomy":"category","embeddable":true,"href":"https:\/\/www.caririemacao.com\/1\/wp-json\/wp\/v2\/categories?post=147735"},{"taxonomy":"post_tag","embeddable":true,"href":"https:\/\/www.caririemacao.com\/1\/wp-json\/wp\/v2\/tags?post=147735"}],"curies":[{"name":"wp","href":"https:\/\/api.w.org\/{rel}","templated":true}]}}