{"id":147740,"date":"2020-01-20T12:32:44","date_gmt":"2020-01-20T15:32:44","guid":{"rendered":"http:\/\/www.caririemacao.com\/1\/?p=147740"},"modified":"2020-01-20T12:32:44","modified_gmt":"2020-01-20T15:32:44","slug":"em-gurjao-oposicao-se-reune-para-discutir-viabilidade-de-uma-chapa-competitiva-para-as-eleicoes-2020","status":"publish","type":"post","link":"https:\/\/www.caririemacao.com\/1\/2020\/01\/20\/em-gurjao-oposicao-se-reune-para-discutir-viabilidade-de-uma-chapa-competitiva-para-as-eleicoes-2020\/","title":{"rendered":"Em Gurj\u00e3o: oposi\u00e7\u00e3o se re\u00fane para discutir viabilidade de uma chapa competitiva para as elei\u00e7\u00f5es 2020"},"content":{"rendered":"\n<p>O grupo de oposi\u00e7\u00e3o na cidade de Gurj\u00e3o se reuniu no \u00faltimo s\u00e1bado (18) para tra\u00e7ar estrat\u00e9gias e debater sobre o futuro pol\u00edtico do grupo. A reuni\u00e3o aconteceu na casa do ex-prefeito, Martinho C\u00e2ndido e contou com a participa\u00e7\u00e3o de v\u00e1rias lideran\u00e7as e dirigentes pol\u00edticos.<\/p>\n\n\n\n<p>No encontro ainda n\u00e3o foi definido os nomes que v\u00e3o compor a chapa majorit\u00e1ria, at\u00e9 o momento existem tr\u00eas pr\u00e9-candidaturas a prefeito e ficou definido que em outro momento ser\u00e1 avaliado o melhor nome para representar o grupo.<\/p>\n\n\n\n<p>O vereador Adailsinho deseja concorrer \u00e0 Prefeitura e tem feito articula\u00e7\u00f5es, da mesa forma o empres\u00e1rio F\u00e1bio Farias. Outro nome que participou da reuni\u00e3o e deseja entrar na disputa \u00e9 o do m\u00e9dico e ex-prefeito, Dr.Marinho.<\/p>\n\n\n\n<p>\u201cA oposi\u00e7\u00e3o est\u00e1 unida para vencer as elei\u00e7\u00f5es. Hoje existem tr\u00eas nomes com pretens\u00f5es de disputar \u00e0 Prefeitura, e o melhor nome receber\u00e1 todo o apoio do grupo\u201d, disse o pr\u00e9-candidato Adailsinho.<\/p>\n\n\n\n<figure class=\"wp-block-image\"><img decoding=\"async\" data-src=\"http:\/\/www.blogdobrunolira.com.br\/wp-content\/uploads\/2020\/01\/WhatsApp-Image-2020-01-18-at-19.15.14.jpeg\" alt=\"\" class=\"wp-image-19018 lazyload\" src=\"data:image\/svg+xml;base64,PHN2ZyB3aWR0aD0iMSIgaGVpZ2h0PSIxIiB4bWxucz0iaHR0cDovL3d3dy53My5vcmcvMjAwMC9zdmciPjwvc3ZnPg==\" \/><\/figure>\n\n\n\n<p><strong>Blog do Bruno Lira<\/strong><\/p>\n","protected":false},"excerpt":{"rendered":"<p>O grupo de oposi\u00e7\u00e3o na cidade de Gurj\u00e3o se reuniu no \u00faltimo s\u00e1bado (18) para tra\u00e7ar estrat\u00e9gias e debater sobre o futuro pol\u00edtico do grupo.&hellip; <\/p>\n","protected":false},"author":1,"featured_media":147744,"comment_status":"closed","ping_status":"closed","sticky":false,"template":"","format":"standard","meta":{"sfsi_plus_gutenberg_text_before_share":"","sfsi_plus_gutenberg_show_text_before_share":"","sfsi_plus_gutenberg_icon_type":"","sfsi_plus_gutenberg_icon_alignemt":"","sfsi_plus_gutenburg_max_per_row":"","footnotes":""},"categories":[6],"tags":[],"class_list":["post-147740","post","type-post","status-publish","format-standard","has-post-thumbnail","hentry","category-cidades"],"_links":{"self":[{"href":"https:\/\/www.caririemacao.com\/1\/wp-json\/wp\/v2\/posts\/147740","targetHints":{"allow":["GET"]}}],"collection":[{"href":"https:\/\/www.caririemacao.com\/1\/wp-json\/wp\/v2\/posts"}],"about":[{"href":"https:\/\/www.caririemacao.com\/1\/wp-json\/wp\/v2\/types\/post"}],"author":[{"embeddable":true,"href":"https:\/\/www.caririemacao.com\/1\/wp-json\/wp\/v2\/users\/1"}],"replies":[{"embeddable":true,"href":"https:\/\/www.caririemacao.com\/1\/wp-json\/wp\/v2\/comments?post=147740"}],"version-history":[{"count":1,"href":"https:\/\/www.caririemacao.com\/1\/wp-json\/wp\/v2\/posts\/147740\/revisions"}],"predecessor-version":[{"id":147745,"href":"https:\/\/www.caririemacao.com\/1\/wp-json\/wp\/v2\/posts\/147740\/revisions\/147745"}],"wp:featuredmedia":[{"embeddable":true,"href":"https:\/\/www.caririemacao.com\/1\/wp-json\/wp\/v2\/media\/147744"}],"wp:attachment":[{"href":"https:\/\/www.caririemacao.com\/1\/wp-json\/wp\/v2\/media?parent=147740"}],"wp:term":[{"taxonomy":"category","embeddable":true,"href":"https:\/\/www.caririemacao.com\/1\/wp-json\/wp\/v2\/categories?post=147740"},{"taxonomy":"post_tag","embeddable":true,"href":"https:\/\/www.caririemacao.com\/1\/wp-json\/wp\/v2\/tags?post=147740"}],"curies":[{"name":"wp","href":"https:\/\/api.w.org\/{rel}","templated":true}]}}