{"id":147753,"date":"2020-01-20T13:25:18","date_gmt":"2020-01-20T16:25:18","guid":{"rendered":"http:\/\/www.caririemacao.com\/1\/?p=147753"},"modified":"2020-01-20T13:25:18","modified_gmt":"2020-01-20T16:25:18","slug":"abertas-inscricoes-para-transferencia-voluntaria-do-periodo-2020-1-da-uepb","status":"publish","type":"post","link":"https:\/\/www.caririemacao.com\/1\/2020\/01\/20\/abertas-inscricoes-para-transferencia-voluntaria-do-periodo-2020-1-da-uepb\/","title":{"rendered":"Abertas inscri\u00e7\u00f5es para transfer\u00eancia volunt\u00e1ria do per\u00edodo 2020.1 da UEPB"},"content":{"rendered":"\n<p><br>Est\u00e3o abertas at\u00e9 as 10h do dia 31 de janeiro as inscri\u00e7\u00f5es para o processo de admiss\u00e3o por transfer\u00eancia volunt\u00e1ria referente ao per\u00edodo 2020.1 da Universidade Estadual da Para\u00edba (UEPB). Os interessados devem preencher o formul\u00e1rio no endere\u00e7o eletr\u00f4nico&nbsp;<a href=\"https:\/\/cpcon.uepb.edu.br\/forms\/\" target=\"_blank\" rel=\"noreferrer noopener\">https:\/\/cpcon.uepb.edu.br\/forms\/<\/a>&nbsp;e, em seguida, entregar a documenta\u00e7\u00e3o exigida no edital, na Pr\u00f3-Reitoria de Gradua\u00e7\u00e3o (Prograd), localizada no T\u00e9rreo do Pr\u00e9dio Administrativo da UEPB, no Campus de Bodocong\u00f3, em Campina Grande.<\/p>\n\n\n\n<p>Somente podem solicitar transfer\u00eancia de outras IES, candidatos que no per\u00edodo letivo determinado para as inscri\u00e7\u00f5es apresentem requerimento \u00e0 Prograd comprovando o v\u00ednculo com a institui\u00e7\u00e3o de origem, no curso objeto de transfer\u00eancia, e tenham integralizado pelo menos um semestre letivo antes da data de inscri\u00e7\u00e3o.<\/p>\n\n\n\n<figure class=\"wp-block-image\"><img decoding=\"async\" data-src=\"https:\/\/paraibaonline.com.br\/wp-content\/uploads\/2018\/03\/uepb1.jpg\" alt=\"Foto: Paraibaonline\" class=\"wp-image-257123 lazyload\" src=\"data:image\/svg+xml;base64,PHN2ZyB3aWR0aD0iMSIgaGVpZ2h0PSIxIiB4bWxucz0iaHR0cDovL3d3dy53My5vcmcvMjAwMC9zdmciPjwvc3ZnPg==\" \/><\/figure>\n\n\n\n<p>Foto: Paraibaonline<\/p>\n\n\n\n<p>Os documentos exigidos s\u00e3o: Requerimento de inscri\u00e7\u00e3o do candidato, impresso na conclus\u00e3o da inscri\u00e7\u00e3o no site&nbsp;<a href=\"http:\/\/cpcon.uepb.edu.br\/\" target=\"_blank\" rel=\"noreferrer noopener\">http:\/\/cpcon.uepb.edu.br<\/a>; Documento comprobat\u00f3rio do Reconhecimento ou Autoriza\u00e7\u00e3o do Curso; Declara\u00e7\u00e3o da Institui\u00e7\u00e3o de Origem na qual constem Coeficiente de Rendimento Escolar e Confirma\u00e7\u00e3o da regularidade de matr\u00edcula ou de matr\u00edcula trancada no semestre letivo 2019.2; Original do Hist\u00f3rico Escolar atualizado, constando as notas do Vestibular ou SiSU; Comprovante do pagamento da taxa de inscri\u00e7\u00e3o; Programas das Disciplinas Cursadas e c\u00f3pia de Documento de Identidade. Quando se tratar de institui\u00e7\u00e3o estrangeira, c\u00f3pia do documento que comprova o reconhecimento da IES e do curso pelo \u00f3rg\u00e3o competente do governo do pa\u00eds de origem, com tradu\u00e7\u00e3o oficial.<\/p>\n\n\n\n<p>A documenta\u00e7\u00e3o exigida deve ser encadernada em capas pl\u00e1sticas em espiral. N\u00e3o ser\u00e1 aceita qualquer complementa\u00e7\u00e3o de documentos ap\u00f3s a inscri\u00e7\u00e3o do candidato no processo seletivo.<\/p>\n\n\n\n<p>Os candidatos com a inscri\u00e7\u00e3o homologada far\u00e3o prova de produ\u00e7\u00e3o textual, no dia 16 de fevereiro, das 8h \u00e0s 10h, na Central de Integra\u00e7\u00e3o Acad\u00eamica.<\/p>\n\n\n\n<p>Os selecionados dentro do n\u00famero de vagas oferecidas dever\u00e3o comparecer \u00e0 Prograd no dia 2 de mar\u00e7o para as provid\u00eancias necess\u00e1rias quanto \u00e0 efetiva\u00e7\u00e3o da transfer\u00eancia.<\/p>\n\n\n\n<p>A matr\u00edcula em componentes curriculares ser\u00e3o efetuadas na Coordena\u00e7\u00e3o do Curso, no dia 4 do mesmo m\u00eas.<\/p>\n\n\n\n<p>O edital e o quadro de vagas dispon\u00edveis podem ser conferidos no site&nbsp;<a href=\"https:\/\/cpcon.uepb.edu.br\/\" target=\"_blank\" rel=\"noreferrer noopener\">https:\/\/cpcon.uepb.edu.br\/<\/a>. Outras informa\u00e7\u00f5es podem ser obtidas pelo telefone (83) 3315-3350.<\/p>\n","protected":false},"excerpt":{"rendered":"<p>Est\u00e3o abertas at\u00e9 as 10h do dia 31 de janeiro as inscri\u00e7\u00f5es para o processo de admiss\u00e3o por transfer\u00eancia volunt\u00e1ria referente ao per\u00edodo 2020.1 da&hellip; <\/p>\n","protected":false},"author":1,"featured_media":99725,"comment_status":"closed","ping_status":"closed","sticky":false,"template":"","format":"standard","meta":{"sfsi_plus_gutenberg_text_before_share":"","sfsi_plus_gutenberg_show_text_before_share":"","sfsi_plus_gutenberg_icon_type":"","sfsi_plus_gutenberg_icon_alignemt":"","sfsi_plus_gutenburg_max_per_row":"","footnotes":""},"categories":[14],"tags":[],"class_list":["post-147753","post","type-post","status-publish","format-standard","has-post-thumbnail","hentry","category-educacao"],"_links":{"self":[{"href":"https:\/\/www.caririemacao.com\/1\/wp-json\/wp\/v2\/posts\/147753","targetHints":{"allow":["GET"]}}],"collection":[{"href":"https:\/\/www.caririemacao.com\/1\/wp-json\/wp\/v2\/posts"}],"about":[{"href":"https:\/\/www.caririemacao.com\/1\/wp-json\/wp\/v2\/types\/post"}],"author":[{"embeddable":true,"href":"https:\/\/www.caririemacao.com\/1\/wp-json\/wp\/v2\/users\/1"}],"replies":[{"embeddable":true,"href":"https:\/\/www.caririemacao.com\/1\/wp-json\/wp\/v2\/comments?post=147753"}],"version-history":[{"count":1,"href":"https:\/\/www.caririemacao.com\/1\/wp-json\/wp\/v2\/posts\/147753\/revisions"}],"predecessor-version":[{"id":147754,"href":"https:\/\/www.caririemacao.com\/1\/wp-json\/wp\/v2\/posts\/147753\/revisions\/147754"}],"wp:featuredmedia":[{"embeddable":true,"href":"https:\/\/www.caririemacao.com\/1\/wp-json\/wp\/v2\/media\/99725"}],"wp:attachment":[{"href":"https:\/\/www.caririemacao.com\/1\/wp-json\/wp\/v2\/media?parent=147753"}],"wp:term":[{"taxonomy":"category","embeddable":true,"href":"https:\/\/www.caririemacao.com\/1\/wp-json\/wp\/v2\/categories?post=147753"},{"taxonomy":"post_tag","embeddable":true,"href":"https:\/\/www.caririemacao.com\/1\/wp-json\/wp\/v2\/tags?post=147753"}],"curies":[{"name":"wp","href":"https:\/\/api.w.org\/{rel}","templated":true}]}}