{"id":147762,"date":"2020-01-20T13:28:21","date_gmt":"2020-01-20T16:28:21","guid":{"rendered":"http:\/\/www.caririemacao.com\/1\/?p=147762"},"modified":"2020-01-20T13:28:21","modified_gmt":"2020-01-20T16:28:21","slug":"governador-assina-autorizacao-de-estudo-tecnico-para-novo-concurso-publico-do-magisterio","status":"publish","type":"post","link":"https:\/\/www.caririemacao.com\/1\/2020\/01\/20\/governador-assina-autorizacao-de-estudo-tecnico-para-novo-concurso-publico-do-magisterio\/","title":{"rendered":"Governador assina autoriza\u00e7\u00e3o de estudo t\u00e9cnico para novo concurso p\u00fablico do magist\u00e9rio"},"content":{"rendered":"\n<p>O governador Jo\u00e3o Azev\u00eado assinou, na manh\u00e3 desta segunda-feira (20), autoriza\u00e7\u00e3o para in\u00edcio do estudo t\u00e9cnico que ir\u00e1 definir detalhes do edital para o novo concurso p\u00fablico do magist\u00e9rio.<\/p>\n\n\n\n<p>A assinatura do documento ocorreu na mesma solenidade que deu posse aos professores da educa\u00e7\u00e3o b\u00e1sica aprovados no concurso p\u00fablico com mil vagas, realizado em 2019.<\/p>\n\n\n\n<p>Desde que assumiu o Governo do Estado, Jo\u00e3o Azev\u00eado prometeu realizar um concurso por ano para professores, com mil vagas cada.<\/p>\n","protected":false},"excerpt":{"rendered":"<p>O governador Jo\u00e3o Azev\u00eado assinou, na manh\u00e3 desta segunda-feira (20), autoriza\u00e7\u00e3o para in\u00edcio do estudo t\u00e9cnico que ir\u00e1 definir detalhes do edital para o novo&hellip; <\/p>\n","protected":false},"author":1,"featured_media":147767,"comment_status":"closed","ping_status":"closed","sticky":false,"template":"","format":"standard","meta":{"sfsi_plus_gutenberg_text_before_share":"","sfsi_plus_gutenberg_show_text_before_share":"","sfsi_plus_gutenberg_icon_type":"","sfsi_plus_gutenberg_icon_alignemt":"","sfsi_plus_gutenburg_max_per_row":"","footnotes":""},"categories":[11],"tags":[],"class_list":["post-147762","post","type-post","status-publish","format-standard","has-post-thumbnail","hentry","category-politica"],"_links":{"self":[{"href":"https:\/\/www.caririemacao.com\/1\/wp-json\/wp\/v2\/posts\/147762","targetHints":{"allow":["GET"]}}],"collection":[{"href":"https:\/\/www.caririemacao.com\/1\/wp-json\/wp\/v2\/posts"}],"about":[{"href":"https:\/\/www.caririemacao.com\/1\/wp-json\/wp\/v2\/types\/post"}],"author":[{"embeddable":true,"href":"https:\/\/www.caririemacao.com\/1\/wp-json\/wp\/v2\/users\/1"}],"replies":[{"embeddable":true,"href":"https:\/\/www.caririemacao.com\/1\/wp-json\/wp\/v2\/comments?post=147762"}],"version-history":[{"count":1,"href":"https:\/\/www.caririemacao.com\/1\/wp-json\/wp\/v2\/posts\/147762\/revisions"}],"predecessor-version":[{"id":147768,"href":"https:\/\/www.caririemacao.com\/1\/wp-json\/wp\/v2\/posts\/147762\/revisions\/147768"}],"wp:featuredmedia":[{"embeddable":true,"href":"https:\/\/www.caririemacao.com\/1\/wp-json\/wp\/v2\/media\/147767"}],"wp:attachment":[{"href":"https:\/\/www.caririemacao.com\/1\/wp-json\/wp\/v2\/media?parent=147762"}],"wp:term":[{"taxonomy":"category","embeddable":true,"href":"https:\/\/www.caririemacao.com\/1\/wp-json\/wp\/v2\/categories?post=147762"},{"taxonomy":"post_tag","embeddable":true,"href":"https:\/\/www.caririemacao.com\/1\/wp-json\/wp\/v2\/tags?post=147762"}],"curies":[{"name":"wp","href":"https:\/\/api.w.org\/{rel}","templated":true}]}}