{"id":147771,"date":"2020-01-20T13:30:23","date_gmt":"2020-01-20T16:30:23","guid":{"rendered":"http:\/\/www.caririemacao.com\/1\/?p=147771"},"modified":"2020-01-20T13:30:23","modified_gmt":"2020-01-20T16:30:23","slug":"joao-azevedo-anuncia-aumento-de-5-para-todos-os-servidores-estaduais","status":"publish","type":"post","link":"https:\/\/www.caririemacao.com\/1\/2020\/01\/20\/joao-azevedo-anuncia-aumento-de-5-para-todos-os-servidores-estaduais\/","title":{"rendered":"Jo\u00e3o Azev\u00eado anuncia aumento de 5% para todos os servidores estaduais"},"content":{"rendered":"\n<p>O governador Jo\u00e3o Azev\u00eado anunciou, nesta segunda-feira (20), um aumento linear de 5% para todas as categorias do funcionalismo p\u00fablico estadual, o que representa um impacto de R$ 340 milh\u00f5es ao ano na folha de pagamento. Segundo ele, a Para\u00edba \u00e9 o \u00fanico estado do Brasil que ter\u00e1 um reajuste do tipo.&nbsp;<\/p>\n\n\n\n<p>&#8220;\u00c9 importante entender que existem categorias que t\u00eam representatividade e categorias que n\u00e3o t\u00eam&#8221;, comentou o governador ressaltando que o reajuste beneficiar\u00e1 a todos. No caso da pol\u00edcia, o aumento tamb\u00e9m se estende aos reformados e inativos.&nbsp;<\/p>\n\n\n\n<p>De acordo com Jo\u00e3o Azev\u00eado, h\u00e1 um esfor\u00e7o para melhorar o sal\u00e1rio-base da pol\u00edcia, pois \u00e9 este que \u00e9 levado para a aposentadoria.<\/p>\n\n\n\n<p>A princ\u00edpio, o aumento seria dividido em uma duas parcelas, sendo de 3% em janeiro, e mais 2% em julho, mas o governador explicou que, a pedidos, estuda a possibilidade de dar o aumento em parcela \u00fanica.<\/p>\n","protected":false},"excerpt":{"rendered":"<p>O governador Jo\u00e3o Azev\u00eado anunciou, nesta segunda-feira (20), um aumento linear de 5% para todas as categorias do funcionalismo p\u00fablico estadual, o que representa um&hellip; <\/p>\n","protected":false},"author":1,"featured_media":88603,"comment_status":"closed","ping_status":"closed","sticky":false,"template":"","format":"standard","meta":{"sfsi_plus_gutenberg_text_before_share":"","sfsi_plus_gutenberg_show_text_before_share":"","sfsi_plus_gutenberg_icon_type":"","sfsi_plus_gutenberg_icon_alignemt":"","sfsi_plus_gutenburg_max_per_row":"","footnotes":""},"categories":[11],"tags":[],"class_list":["post-147771","post","type-post","status-publish","format-standard","has-post-thumbnail","hentry","category-politica"],"_links":{"self":[{"href":"https:\/\/www.caririemacao.com\/1\/wp-json\/wp\/v2\/posts\/147771","targetHints":{"allow":["GET"]}}],"collection":[{"href":"https:\/\/www.caririemacao.com\/1\/wp-json\/wp\/v2\/posts"}],"about":[{"href":"https:\/\/www.caririemacao.com\/1\/wp-json\/wp\/v2\/types\/post"}],"author":[{"embeddable":true,"href":"https:\/\/www.caririemacao.com\/1\/wp-json\/wp\/v2\/users\/1"}],"replies":[{"embeddable":true,"href":"https:\/\/www.caririemacao.com\/1\/wp-json\/wp\/v2\/comments?post=147771"}],"version-history":[{"count":1,"href":"https:\/\/www.caririemacao.com\/1\/wp-json\/wp\/v2\/posts\/147771\/revisions"}],"predecessor-version":[{"id":147774,"href":"https:\/\/www.caririemacao.com\/1\/wp-json\/wp\/v2\/posts\/147771\/revisions\/147774"}],"wp:featuredmedia":[{"embeddable":true,"href":"https:\/\/www.caririemacao.com\/1\/wp-json\/wp\/v2\/media\/88603"}],"wp:attachment":[{"href":"https:\/\/www.caririemacao.com\/1\/wp-json\/wp\/v2\/media?parent=147771"}],"wp:term":[{"taxonomy":"category","embeddable":true,"href":"https:\/\/www.caririemacao.com\/1\/wp-json\/wp\/v2\/categories?post=147771"},{"taxonomy":"post_tag","embeddable":true,"href":"https:\/\/www.caririemacao.com\/1\/wp-json\/wp\/v2\/tags?post=147771"}],"curies":[{"name":"wp","href":"https:\/\/api.w.org\/{rel}","templated":true}]}}