{"id":147792,"date":"2020-01-20T14:05:52","date_gmt":"2020-01-20T17:05:52","guid":{"rendered":"http:\/\/www.caririemacao.com\/1\/?p=147792"},"modified":"2020-01-20T14:05:52","modified_gmt":"2020-01-20T17:05:52","slug":"festa-do-padroeiro-de-sao-sebastiao-do-umbuzeiro-tem-publico-recorde","status":"publish","type":"post","link":"https:\/\/www.caririemacao.com\/1\/2020\/01\/20\/festa-do-padroeiro-de-sao-sebastiao-do-umbuzeiro-tem-publico-recorde\/","title":{"rendered":"Festa do padroeiro de S\u00e3o Sebasti\u00e3o do Umbuzeiro tem p\u00fablico recorde"},"content":{"rendered":"\n<p>A festa do padroeiro de S\u00e3o Sebasti\u00e3o do Umbuzeiro chega \u00e0 sua 108\u00aa edi\u00e7\u00e3o, e a programa\u00e7\u00e3o na noite desse domingo, dia (19), contou com os shows da banda Cavaleiros do Forr\u00f3, Ot\u00e1vio do Acordeon e Kiko Chicabana. <\/p>\n\n\n\n<p>A programa\u00e7\u00e3o \u00e9 considerada como a maior festa religiosa do Cariri paraibano e arrastou um grande p\u00fablico, durante os seus dez dias de festa.<\/p>\n\n\n\n<figure class=\"wp-block-image size-large\"><img fetchpriority=\"high\" decoding=\"async\" width=\"1024\" height=\"683\" src=\"http:\/\/www.caririemacao.com\/1\/wp-content\/uploads\/2020\/01\/DSC_2819-1024x683.jpg\" alt=\"\" class=\"wp-image-147794\" srcset=\"https:\/\/www.caririemacao.com\/1\/wp-content\/uploads\/2020\/01\/DSC_2819-1024x683.jpg 1024w, https:\/\/www.caririemacao.com\/1\/wp-content\/uploads\/2020\/01\/DSC_2819-300x200.jpg 300w, https:\/\/www.caririemacao.com\/1\/wp-content\/uploads\/2020\/01\/DSC_2819-768x512.jpg 768w, https:\/\/www.caririemacao.com\/1\/wp-content\/uploads\/2020\/01\/DSC_2819-1536x1024.jpg 1536w, https:\/\/www.caririemacao.com\/1\/wp-content\/uploads\/2020\/01\/DSC_2819.jpg 1600w\" sizes=\"(max-width: 1024px) 100vw, 1024px\" \/><\/figure>\n\n\n\n<p>Para o prefeito Adriano Wolff, o evento vem se tornando uma refer\u00eancia na Para\u00edba e a Prefeitura de S\u00e3o Sebasti\u00e3o vem investindo no turismo de eventos, fazendo com que a cidade seja divulgada e consequentemente fomentando a economia local.<\/p>\n\n\n\n<p>CLIQUE AQUI E VEJA TODAS AS FOTOS<\/p>\n\n\n\n<p><a href=\"https:\/\/www.facebook.com\/pg\/CaririEmAcao\/photos\/?tab=album&amp;album_id=1785323318270350\">PARTE 01<\/a> <\/p>\n\n\n\n<p><a href=\"https:\/\/www.facebook.com\/CaririEmAcao\/photos\/?tab=album&amp;album_id=1785329494936399\">PARTE 02<\/a><\/p>\n\n\n\n<p><a href=\"https:\/\/www.facebook.com\/CaririEmAcao\/photos\/?tab=album&amp;album_id=1785346994934649\">PARTE 03<\/a><\/p>\n","protected":false},"excerpt":{"rendered":"<p>A festa do padroeiro de S\u00e3o Sebasti\u00e3o do Umbuzeiro chega \u00e0 sua 108\u00aa edi\u00e7\u00e3o, e a programa\u00e7\u00e3o na noite desse domingo, dia (19), contou com&hellip; <\/p>\n","protected":false},"author":1,"featured_media":147793,"comment_status":"closed","ping_status":"closed","sticky":false,"template":"","format":"standard","meta":{"sfsi_plus_gutenberg_text_before_share":"","sfsi_plus_gutenberg_show_text_before_share":"","sfsi_plus_gutenberg_icon_type":"","sfsi_plus_gutenberg_icon_alignemt":"","sfsi_plus_gutenburg_max_per_row":"","footnotes":""},"categories":[6,50],"tags":[],"class_list":["post-147792","post","type-post","status-publish","format-standard","has-post-thumbnail","hentry","category-cidades","category-destaque"],"_links":{"self":[{"href":"https:\/\/www.caririemacao.com\/1\/wp-json\/wp\/v2\/posts\/147792","targetHints":{"allow":["GET"]}}],"collection":[{"href":"https:\/\/www.caririemacao.com\/1\/wp-json\/wp\/v2\/posts"}],"about":[{"href":"https:\/\/www.caririemacao.com\/1\/wp-json\/wp\/v2\/types\/post"}],"author":[{"embeddable":true,"href":"https:\/\/www.caririemacao.com\/1\/wp-json\/wp\/v2\/users\/1"}],"replies":[{"embeddable":true,"href":"https:\/\/www.caririemacao.com\/1\/wp-json\/wp\/v2\/comments?post=147792"}],"version-history":[{"count":1,"href":"https:\/\/www.caririemacao.com\/1\/wp-json\/wp\/v2\/posts\/147792\/revisions"}],"predecessor-version":[{"id":147795,"href":"https:\/\/www.caririemacao.com\/1\/wp-json\/wp\/v2\/posts\/147792\/revisions\/147795"}],"wp:featuredmedia":[{"embeddable":true,"href":"https:\/\/www.caririemacao.com\/1\/wp-json\/wp\/v2\/media\/147793"}],"wp:attachment":[{"href":"https:\/\/www.caririemacao.com\/1\/wp-json\/wp\/v2\/media?parent=147792"}],"wp:term":[{"taxonomy":"category","embeddable":true,"href":"https:\/\/www.caririemacao.com\/1\/wp-json\/wp\/v2\/categories?post=147792"},{"taxonomy":"post_tag","embeddable":true,"href":"https:\/\/www.caririemacao.com\/1\/wp-json\/wp\/v2\/tags?post=147792"}],"curies":[{"name":"wp","href":"https:\/\/api.w.org\/{rel}","templated":true}]}}