{"id":147796,"date":"2020-01-21T07:45:17","date_gmt":"2020-01-21T10:45:17","guid":{"rendered":"http:\/\/www.caririemacao.com\/1\/?p=147796"},"modified":"2020-01-21T07:46:48","modified_gmt":"2020-01-21T10:46:48","slug":"incendio-atinge-quiosques-no-centro-da-cidade-de-sao-joao-do-cariri-carro-pipa-e-usado-e-controla-chamas","status":"publish","type":"post","link":"https:\/\/www.caririemacao.com\/1\/2020\/01\/21\/incendio-atinge-quiosques-no-centro-da-cidade-de-sao-joao-do-cariri-carro-pipa-e-usado-e-controla-chamas\/","title":{"rendered":"Inc\u00eandio atinge quiosques no centro da cidade de S\u00e3o Jo\u00e3o do Cariri; carro-pipa \u00e9 usado e controla chamas"},"content":{"rendered":"\n<p>No in\u00edcio da manh\u00e3 desta ter\u00e7a-feira(21) um inc\u00eandio foi registrado em pleno centro da cidade de S\u00e3o Jo\u00e3o do Cariri.<\/p>\n\n\n\n<p>Por volta das 5h da manh\u00e3 um quiosque comercial localizado na Rua Jo\u00e3o Pessoa, em frente a prefeitura municipal, come\u00e7ou a pegar fogo e logo vindo a se alastrar para o quiosque vizinho.<\/p>\n\n\n\n<p>Conforme informa\u00e7\u00f5es chegadas a nossa reportagem, as chamas foram controladas por um funcion\u00e1rio da prefeitura que usou o carro-pipa da prefeitura e acabou controlando a propaga\u00e7\u00e3o das chamas.<\/p>\n\n\n\n<div class=\"wp-block-image\"><figure class=\"aligncenter\"><img decoding=\"async\" data-src=\"http:\/\/deolhonocariri.com.br\/wp-content\/uploads\/2020\/01\/83123977_1316584745194737_8457034632980856832_n.jpg\" alt=\"\" class=\"wp-image-76718 lazyload\" src=\"data:image\/svg+xml;base64,PHN2ZyB3aWR0aD0iMSIgaGVpZ2h0PSIxIiB4bWxucz0iaHR0cDovL3d3dy53My5vcmcvMjAwMC9zdmciPjwvc3ZnPg==\" \/><\/figure><\/div>\n\n\n\n<p>Os propriet\u00e1rios dos empreendimentos estiveram no local e ainda n\u00e3o sabem os motivos do inc\u00eandio. As causas do fogo&nbsp; tamb\u00e9m n\u00e3o foram identificadas pela pol\u00edcia, mas a per\u00edcia foi acionada e deve emitir um laudo.<\/p>\n\n\n\n<p><strong>De Olho no Cariri<\/strong><\/p>\n","protected":false},"excerpt":{"rendered":"<p>No in\u00edcio da manh\u00e3 desta ter\u00e7a-feira(21) um inc\u00eandio foi registrado em pleno centro da cidade de S\u00e3o Jo\u00e3o do Cariri. Por volta das 5h da&hellip; <\/p>\n","protected":false},"author":2,"featured_media":147798,"comment_status":"closed","ping_status":"closed","sticky":false,"template":"","format":"standard","meta":{"sfsi_plus_gutenberg_text_before_share":"","sfsi_plus_gutenberg_show_text_before_share":"","sfsi_plus_gutenberg_icon_type":"","sfsi_plus_gutenberg_icon_alignemt":"","sfsi_plus_gutenburg_max_per_row":"","footnotes":""},"categories":[50,12],"tags":[],"class_list":["post-147796","post","type-post","status-publish","format-standard","has-post-thumbnail","hentry","category-destaque","category-policia"],"_links":{"self":[{"href":"https:\/\/www.caririemacao.com\/1\/wp-json\/wp\/v2\/posts\/147796","targetHints":{"allow":["GET"]}}],"collection":[{"href":"https:\/\/www.caririemacao.com\/1\/wp-json\/wp\/v2\/posts"}],"about":[{"href":"https:\/\/www.caririemacao.com\/1\/wp-json\/wp\/v2\/types\/post"}],"author":[{"embeddable":true,"href":"https:\/\/www.caririemacao.com\/1\/wp-json\/wp\/v2\/users\/2"}],"replies":[{"embeddable":true,"href":"https:\/\/www.caririemacao.com\/1\/wp-json\/wp\/v2\/comments?post=147796"}],"version-history":[{"count":2,"href":"https:\/\/www.caririemacao.com\/1\/wp-json\/wp\/v2\/posts\/147796\/revisions"}],"predecessor-version":[{"id":147809,"href":"https:\/\/www.caririemacao.com\/1\/wp-json\/wp\/v2\/posts\/147796\/revisions\/147809"}],"wp:featuredmedia":[{"embeddable":true,"href":"https:\/\/www.caririemacao.com\/1\/wp-json\/wp\/v2\/media\/147798"}],"wp:attachment":[{"href":"https:\/\/www.caririemacao.com\/1\/wp-json\/wp\/v2\/media?parent=147796"}],"wp:term":[{"taxonomy":"category","embeddable":true,"href":"https:\/\/www.caririemacao.com\/1\/wp-json\/wp\/v2\/categories?post=147796"},{"taxonomy":"post_tag","embeddable":true,"href":"https:\/\/www.caririemacao.com\/1\/wp-json\/wp\/v2\/tags?post=147796"}],"curies":[{"name":"wp","href":"https:\/\/api.w.org\/{rel}","templated":true}]}}