{"id":147815,"date":"2020-01-21T07:49:41","date_gmt":"2020-01-21T10:49:41","guid":{"rendered":"http:\/\/www.caririemacao.com\/1\/?p=147815"},"modified":"2020-01-21T07:49:41","modified_gmt":"2020-01-21T10:49:41","slug":"tragedia-irmaos-vao-tirar-fotos-em-acude-e-acabam-morrendo-afogados-no-interior-da-paraiba","status":"publish","type":"post","link":"https:\/\/www.caririemacao.com\/1\/2020\/01\/21\/tragedia-irmaos-vao-tirar-fotos-em-acude-e-acabam-morrendo-afogados-no-interior-da-paraiba\/","title":{"rendered":"Trag\u00e9dia: irm\u00e3os v\u00e3o tirar fotos em a\u00e7ude e acabam morrendo afogados no interior da Para\u00edba"},"content":{"rendered":"\n<p>Um jovem de 18 anos, identificado apenas como Fernando e a irm\u00e3 dele, uma adolescente de 13 anos, identificada como Vit\u00f3ria, morreram v\u00edtimas de afogamento, no final da manh\u00e3 desta segunda-feira (20), no s\u00edtio Maracuj\u00e1 de Cima, localizado na zona rural de Santana dos Garrotes, na regi\u00e3o do Vale do Pianc\u00f3, interior da Para\u00edba. As v\u00edtimas residiam em S\u00e3o Paulo e h\u00e1 pouco menos de um m\u00eas vieram morar em Santana dos Garrotes, juntamente com toda a fam\u00edlia.<\/p>\n\n\n\n<p>De acordo com informa\u00e7\u00f5es de populares, os irm\u00e3os e outros amigos, todos adolescentes, foram tirar fotos no reservat\u00f3rio, quando o jovem subiu em uma pedra e acabou escorrendo. Ao perceber que o irm\u00e3o havia escorregado, a irm\u00e3 tentou segurar na m\u00e3o dele, na tentativa de prestar socorro ao irm\u00e3o, mas os dois acabaram caindo na \u00e1gua e como n\u00e3o sabiam nadar, acabaram se afogando no reservat\u00f3rio.<\/p>\n\n\n\n<p>Outra adolescente, que se encontrava com a turma, ao perceber a cena, tentou segurar na m\u00e3o da amiga e por pouco n\u00e3o acabou morrendo tamb\u00e9m, porque outro jovem que se encontrava na turma acabou segurando na m\u00e3o dela e a puxando para fora da \u00e1gua.<\/p>\n\n\n\n<p>Os corpos das vitimas foram retirados da \u00e1gua, por volta das 15 e encaminhados para o IML da cidade de Patos, para depois ser liberado para a fam\u00edlia.<\/p>\n\n\n\n<p>Toda a popula\u00e7\u00e3o da cidade paraibana est\u00e1 em choque.<\/p>\n\n\n\n<p><em>Com Pianc\u00f3 Not\u00edcias<\/em><\/p>\n","protected":false},"excerpt":{"rendered":"<p>Um jovem de 18 anos, identificado apenas como Fernando e a irm\u00e3 dele, uma adolescente de 13 anos, identificada como Vit\u00f3ria, morreram v\u00edtimas de afogamento,&hellip; <\/p>\n","protected":false},"author":2,"featured_media":147816,"comment_status":"closed","ping_status":"closed","sticky":false,"template":"","format":"standard","meta":{"sfsi_plus_gutenberg_text_before_share":"","sfsi_plus_gutenberg_show_text_before_share":"","sfsi_plus_gutenberg_icon_type":"","sfsi_plus_gutenberg_icon_alignemt":"","sfsi_plus_gutenburg_max_per_row":"","footnotes":""},"categories":[12],"tags":[],"class_list":["post-147815","post","type-post","status-publish","format-standard","has-post-thumbnail","hentry","category-policia"],"_links":{"self":[{"href":"https:\/\/www.caririemacao.com\/1\/wp-json\/wp\/v2\/posts\/147815","targetHints":{"allow":["GET"]}}],"collection":[{"href":"https:\/\/www.caririemacao.com\/1\/wp-json\/wp\/v2\/posts"}],"about":[{"href":"https:\/\/www.caririemacao.com\/1\/wp-json\/wp\/v2\/types\/post"}],"author":[{"embeddable":true,"href":"https:\/\/www.caririemacao.com\/1\/wp-json\/wp\/v2\/users\/2"}],"replies":[{"embeddable":true,"href":"https:\/\/www.caririemacao.com\/1\/wp-json\/wp\/v2\/comments?post=147815"}],"version-history":[{"count":1,"href":"https:\/\/www.caririemacao.com\/1\/wp-json\/wp\/v2\/posts\/147815\/revisions"}],"predecessor-version":[{"id":147817,"href":"https:\/\/www.caririemacao.com\/1\/wp-json\/wp\/v2\/posts\/147815\/revisions\/147817"}],"wp:featuredmedia":[{"embeddable":true,"href":"https:\/\/www.caririemacao.com\/1\/wp-json\/wp\/v2\/media\/147816"}],"wp:attachment":[{"href":"https:\/\/www.caririemacao.com\/1\/wp-json\/wp\/v2\/media?parent=147815"}],"wp:term":[{"taxonomy":"category","embeddable":true,"href":"https:\/\/www.caririemacao.com\/1\/wp-json\/wp\/v2\/categories?post=147815"},{"taxonomy":"post_tag","embeddable":true,"href":"https:\/\/www.caririemacao.com\/1\/wp-json\/wp\/v2\/tags?post=147815"}],"curies":[{"name":"wp","href":"https:\/\/api.w.org\/{rel}","templated":true}]}}