{"id":147832,"date":"2020-01-21T07:54:29","date_gmt":"2020-01-21T10:54:29","guid":{"rendered":"http:\/\/www.caririemacao.com\/1\/?p=147832"},"modified":"2020-01-21T07:54:29","modified_gmt":"2020-01-21T10:54:29","slug":"mulher-suspeita-de-matar-marido-a-facadas-e-avisar-do-crime-por-audio-cumprira-prisao-domiciliar","status":"publish","type":"post","link":"https:\/\/www.caririemacao.com\/1\/2020\/01\/21\/mulher-suspeita-de-matar-marido-a-facadas-e-avisar-do-crime-por-audio-cumprira-prisao-domiciliar\/","title":{"rendered":"Mulher suspeita de matar marido a facadas e avisar do crime por \u00e1udio cumprir\u00e1 pris\u00e3o domiciliar"},"content":{"rendered":"\n<p>A mulher suspeita de matar o marido a facadas em Campina Grande e de enviar \u00e1udio para uma amiga avisando que cometeria o crime vai cumprir pris\u00e3o domiciliar. Ela passou por audi\u00eancia de cust\u00f3dia na tarde desta segunda-feira (20), no F\u00f3rum Afonso Campos. O crime foi registrado no bairro Tr\u00eas Irm\u00e3s, em Campina Grande, nesse domingo (19).<\/p>\n\n\n\n<p>A Justi\u00e7a alegou que a mulher tem filhos menores de 12 anos e que, com base na orienta\u00e7\u00e3o do Supremo Tribunal Federal (STF), presas sem condena\u00e7\u00e3o, gestantes e m\u00e3es de filhos de at\u00e9 12 anos devem receber o direito \u00e0 pris\u00e3o domiciliar. A medida vale desde 2018.<\/p>\n\n\n\n<p>O homem foi morto a facadas. Ele foi identificado como Joselito dos Santos, de 40 anos. O motivo do assassinato teria sido suposta trai\u00e7\u00e3o do homem \u00e0 esposa.<\/p>\n\n\n\n<p><em>Click PB<\/em><\/p>\n","protected":false},"excerpt":{"rendered":"<p>A mulher suspeita de matar o marido a facadas em Campina Grande e de enviar \u00e1udio para uma amiga avisando que cometeria o crime vai&hellip; <\/p>\n","protected":false},"author":2,"featured_media":147836,"comment_status":"closed","ping_status":"closed","sticky":false,"template":"","format":"standard","meta":{"sfsi_plus_gutenberg_text_before_share":"","sfsi_plus_gutenberg_show_text_before_share":"","sfsi_plus_gutenberg_icon_type":"","sfsi_plus_gutenberg_icon_alignemt":"","sfsi_plus_gutenburg_max_per_row":"","footnotes":""},"categories":[50,12],"tags":[],"class_list":["post-147832","post","type-post","status-publish","format-standard","has-post-thumbnail","hentry","category-destaque","category-policia"],"_links":{"self":[{"href":"https:\/\/www.caririemacao.com\/1\/wp-json\/wp\/v2\/posts\/147832","targetHints":{"allow":["GET"]}}],"collection":[{"href":"https:\/\/www.caririemacao.com\/1\/wp-json\/wp\/v2\/posts"}],"about":[{"href":"https:\/\/www.caririemacao.com\/1\/wp-json\/wp\/v2\/types\/post"}],"author":[{"embeddable":true,"href":"https:\/\/www.caririemacao.com\/1\/wp-json\/wp\/v2\/users\/2"}],"replies":[{"embeddable":true,"href":"https:\/\/www.caririemacao.com\/1\/wp-json\/wp\/v2\/comments?post=147832"}],"version-history":[{"count":1,"href":"https:\/\/www.caririemacao.com\/1\/wp-json\/wp\/v2\/posts\/147832\/revisions"}],"predecessor-version":[{"id":147837,"href":"https:\/\/www.caririemacao.com\/1\/wp-json\/wp\/v2\/posts\/147832\/revisions\/147837"}],"wp:featuredmedia":[{"embeddable":true,"href":"https:\/\/www.caririemacao.com\/1\/wp-json\/wp\/v2\/media\/147836"}],"wp:attachment":[{"href":"https:\/\/www.caririemacao.com\/1\/wp-json\/wp\/v2\/media?parent=147832"}],"wp:term":[{"taxonomy":"category","embeddable":true,"href":"https:\/\/www.caririemacao.com\/1\/wp-json\/wp\/v2\/categories?post=147832"},{"taxonomy":"post_tag","embeddable":true,"href":"https:\/\/www.caririemacao.com\/1\/wp-json\/wp\/v2\/tags?post=147832"}],"curies":[{"name":"wp","href":"https:\/\/api.w.org\/{rel}","templated":true}]}}