{"id":147840,"date":"2020-01-21T07:55:54","date_gmt":"2020-01-21T10:55:54","guid":{"rendered":"http:\/\/www.caririemacao.com\/1\/?p=147840"},"modified":"2020-01-21T07:55:54","modified_gmt":"2020-01-21T10:55:54","slug":"ministerio-da-educacao-admite-mais-de-6-mil-erros-em-notas-do-enem","status":"publish","type":"post","link":"https:\/\/www.caririemacao.com\/1\/2020\/01\/21\/ministerio-da-educacao-admite-mais-de-6-mil-erros-em-notas-do-enem\/","title":{"rendered":"Minist\u00e9rio da Educa\u00e7\u00e3o admite mais de 6 mil erros em notas do Enem"},"content":{"rendered":"\n<p>O governo Bolsonaro identificou cerca de 6.000 erros em notas do Enem 2019. Al\u00e9m da falha inicial ocorrida na gr\u00e1fica, tamb\u00e9m foram encontradas notas erradas provocadas por outras falhas, como na aplica\u00e7\u00e3o.<\/p>\n\n\n\n<p>Problemas referentes ao uso de um cart\u00e3o de resposta reserva, no momento da aplica\u00e7\u00e3o da prova, por exemplo, foram identificados durante a for\u00e7a-tarefa realizada desde s\u00e1bado (18) pelo governo.<\/p>\n\n\n\n<p>A quantidade de estudantes afetados por esses problemas de aplica\u00e7\u00e3o \u00e9 pequena, de cerca de 20 casos \u2013eles tamb\u00e9m tiveram notas alteradas.<\/p>\n\n\n\n<p>Apesar do n\u00famero reduzido, esses erros teriam sido identificados antes da divulga\u00e7\u00e3o caso o processo de realiza\u00e7\u00e3o do exame tivesse sido menos atribulado, de acordo com t\u00e9cnicos do Inep (Instituto Nacional de Estudos e Pesquisas Educacionais) ouvidos pela reportagem.<\/p>\n\n\n\n<p>O ministro da Educa\u00e7\u00e3o, Abraham Weintraub, divulgou no s\u00e1bado (18) que participantes receberam notas erradas. Na v\u00e9spera, Weintraub havia comemorado o sucesso na realiza\u00e7\u00e3o do Enem 2019.<\/p>\n\n\n\n<p>Segundo o governo, o erro partiu da gr\u00e1fica Valid, que passou a imprimir as provas no ano passado. O problema havia atingido inicialmente provas do segundo, mas no domingo veio a confirma\u00e7\u00e3o de que falhas tamb\u00e9m ocorreram no primeiro dia.<\/p>\n\n\n\n<p>Weintraub disse em entrevista nesta segunda-feira (21), \u00e0 R\u00e1dio Ga\u00facha, que o n\u00famero de afetados chegaria a 6.000 participantes (cerca de 0,1% do total).<\/p>\n\n\n\n<p>Servidores do Inep confirmaram \u00e0 reportagem essa estimativa, que deve ser anunciada em entrevista convocada para o in\u00edcio da noite desta segunda.<\/p>\n\n\n\n<p>Weintraub ressaltou que o erro teve impacto considerado baixo. O governo manteve o cronograma do Sisu (Sistema de Sele\u00e7\u00e3o Unificada), cujas inscri\u00e7\u00f5es se abrem nesta ter\u00e7a-feira (21).<\/p>\n\n\n\n<p>Esse volume de erros leva em conta a an\u00e1lise do Inep, sobretudo a partir das queixas encaminhadas ao governo por candidatos at\u00e9 as 10h desta segunda. Esse prazo final para envio de reclama\u00e7\u00f5es foi estipulado na noite de domingo pelo \u00f3rg\u00e3o.<\/p>\n\n\n\n<p>O Inep recebeu 75 mil mensagens com reclama\u00e7\u00f5es de erros at\u00e9 esse hor\u00e1rio. H\u00e1 relatos nas redes sociais de participantes que n\u00e3o tiveram tempo para pedir esclarecimento sobre sua nota.<\/p>\n\n\n\n<p>No s\u00e1bado, o presidente do Inep, Alexandre Lopes, disse que o impacto ainda era incerto, e poderia alcan\u00e7ar at\u00e9 1% dos candidatos, o que daria cerca de 39 mil candidatos.<\/p>\n\n\n\n<p>Segundo o governo, foram constatados erros na identifica\u00e7\u00e3o dos candidatos e da respectiva cor de sua prova. A falha ocorreu na gr\u00e1fica: os arquivos com essas informa\u00e7\u00f5es teriam chegado ao Inep com diverg\u00eancias, segundo o instituto. O candidato fez a prova de uma cor, mas a nota foi corrigida como se fosse de outra.<\/p>\n\n\n\n<p>O problema teria ocorrido na gr\u00e1fica por causa de falhas pontuais nas m\u00e1quinas de impress\u00e3o. Teriam sido ocasi\u00f5es em que os equipamentos engasgaram, provando pequenas interrup\u00e7\u00f5es no trabalho. O problema \u00e9 que os protocolos de verifica\u00e7\u00e3o n\u00e3o identificaram as falhas.<\/p>\n\n\n\n<p>A gr\u00e1fica que imprimia o Enem desde 2009, a RR Donnelley, faliu em mar\u00e7o do ano passado. O governo preferiu contratar a segunda colocada na \u00faltima licita\u00e7\u00e3o ao inv\u00e9s de fazer novo certame.<\/p>\n\n\n\n<p>A gr\u00e1fica Valid foi ent\u00e3o contratada para o servi\u00e7o mesmo sem ter experi\u00eancia em servi\u00e7os parecidos com o Enem. Funcion\u00e1rios do Inep relataram ao longo do ano riscos de problemas com a gr\u00e1fica, que foram minimizados pelo governo.<\/p>\n\n\n\n<p>Como a inexperi\u00eancia da gr\u00e1fica, o processo para impress\u00e3o foi todo muito corrido, de acordo com t\u00e9cnicos ouvidos pela reportagem.<\/p>\n\n\n\n<p>A gr\u00e1fica n\u00e3o tinha infraestrutura adequada para armazenar e manusear os malotes que seriam despachados, por exemplo.<\/p>\n\n\n\n<p>A Valid foi contratada para imprimir o Enem por R$ 151,7 milh\u00f5es. A mesma empresa foi contratada pelo governo Bolsonaro em janeiro de 2019 para impress\u00e3o de outras provas do governo, como o Saeb (avalia\u00e7\u00e3o federal da educa\u00e7\u00e3o b\u00e1sica), aplicado em novembro passado.<\/p>\n\n\n\n<p>O TCU (Tribunal de Contas da Uni\u00e3o) apura supostas irregularidades nessa \u00faltima contrata\u00e7\u00e3o. A secretaria de Controle Externo de Aquisi\u00e7\u00f5es Log\u00edsticas do TCU apontou irregularidades em relat\u00f3rio de maio de 2019.<\/p>\n\n\n\n<p>O tribunal cita que, na licita\u00e7\u00e3o do Enem de 2016, a Valid e a RR Donnelley teria tido comportamento suspeito nos lances por menor pre\u00e7o. J\u00e1 no preg\u00e3o de 2019, vencido pela Valid, a RR Donnelley \u201cn\u00e3o apresentou postura competitiva\u201d.<\/p>\n\n\n\n<p>Procurada, a Valid informou por meio de sua assessoria de imprensa que n\u00e3o iria se manifestar.<\/p>\n\n\n\n<p>Tamb\u00e9m foram minimizados por Weintraub turbul\u00eancias que atingiram o instituto e o MEC. Lopes, por exemplo, j\u00e1 \u00e9 o terceiro a presidir o Inep sob o comando de Bolsonaro.<\/p>\n\n\n\n<p><em>FolhaPress<\/em><\/p>\n","protected":false},"excerpt":{"rendered":"<p>O governo Bolsonaro identificou cerca de 6.000 erros em notas do Enem 2019. Al\u00e9m da falha inicial ocorrida na gr\u00e1fica, tamb\u00e9m foram encontradas notas erradas&hellip; <\/p>\n","protected":false},"author":2,"featured_media":103152,"comment_status":"closed","ping_status":"closed","sticky":false,"template":"","format":"standard","meta":{"sfsi_plus_gutenberg_text_before_share":"","sfsi_plus_gutenberg_show_text_before_share":"","sfsi_plus_gutenberg_icon_type":"","sfsi_plus_gutenberg_icon_alignemt":"","sfsi_plus_gutenburg_max_per_row":"","footnotes":""},"categories":[14],"tags":[],"class_list":["post-147840","post","type-post","status-publish","format-standard","has-post-thumbnail","hentry","category-educacao"],"_links":{"self":[{"href":"https:\/\/www.caririemacao.com\/1\/wp-json\/wp\/v2\/posts\/147840","targetHints":{"allow":["GET"]}}],"collection":[{"href":"https:\/\/www.caririemacao.com\/1\/wp-json\/wp\/v2\/posts"}],"about":[{"href":"https:\/\/www.caririemacao.com\/1\/wp-json\/wp\/v2\/types\/post"}],"author":[{"embeddable":true,"href":"https:\/\/www.caririemacao.com\/1\/wp-json\/wp\/v2\/users\/2"}],"replies":[{"embeddable":true,"href":"https:\/\/www.caririemacao.com\/1\/wp-json\/wp\/v2\/comments?post=147840"}],"version-history":[{"count":1,"href":"https:\/\/www.caririemacao.com\/1\/wp-json\/wp\/v2\/posts\/147840\/revisions"}],"predecessor-version":[{"id":147842,"href":"https:\/\/www.caririemacao.com\/1\/wp-json\/wp\/v2\/posts\/147840\/revisions\/147842"}],"wp:featuredmedia":[{"embeddable":true,"href":"https:\/\/www.caririemacao.com\/1\/wp-json\/wp\/v2\/media\/103152"}],"wp:attachment":[{"href":"https:\/\/www.caririemacao.com\/1\/wp-json\/wp\/v2\/media?parent=147840"}],"wp:term":[{"taxonomy":"category","embeddable":true,"href":"https:\/\/www.caririemacao.com\/1\/wp-json\/wp\/v2\/categories?post=147840"},{"taxonomy":"post_tag","embeddable":true,"href":"https:\/\/www.caririemacao.com\/1\/wp-json\/wp\/v2\/tags?post=147840"}],"curies":[{"name":"wp","href":"https:\/\/api.w.org\/{rel}","templated":true}]}}