{"id":147846,"date":"2020-01-21T08:04:28","date_gmt":"2020-01-21T11:04:28","guid":{"rendered":"http:\/\/www.caririemacao.com\/1\/?p=147846"},"modified":"2020-01-21T08:04:28","modified_gmt":"2020-01-21T11:04:28","slug":"escolas-municipais-de-caraubas-passam-por-reformas-estruturais-e-pintura-para-receber-novos-alunos-em-2020","status":"publish","type":"post","link":"https:\/\/www.caririemacao.com\/1\/2020\/01\/21\/escolas-municipais-de-caraubas-passam-por-reformas-estruturais-e-pintura-para-receber-novos-alunos-em-2020\/","title":{"rendered":"Escolas municipais de Cara\u00fabas passam por reformas estruturais e pintura para receber novos alunos em 2020"},"content":{"rendered":"\n<p>A Prefeitura Municipal de Cara\u00fabas atrav\u00e9s da SE \u2013 Secretaria da Educa\u00e7\u00e3o e em parceria com a SOPSUR \u2013 Secretaria de Obras P\u00fablicas e Servi\u00e7os Urbanos iniciaram o processo de reforma e limpeza de todas as unidades de ensino do munic\u00edpio, com vistas ao inicio do ano letivo 2020, que segundo a secret\u00e1ria da educa\u00e7\u00e3o Rhayanne Fernandes, se inicia em 10 de Fevereiro do corrente.<\/p>\n\n\n\n<p>Ap\u00f3s a coloca\u00e7\u00e3o e finaliza\u00e7\u00e3o de toda parte el\u00e9trica para atender ao sistema de ar condicionado da Escola Alice Jorge da Silva o pr\u00e9dio passou a receber a pintura das salas de aula, reparo no telhado do pr\u00e9dio, coloca\u00e7\u00e3o de bicas, reloca\u00e7\u00e3o de salas e adapta\u00e7\u00e3o de outras, bem como, toda limpeza de entulhos deixados em virtude dos servi\u00e7os executados na unidade.<\/p>\n\n\n\n<p>Nossa meta \u00e9 concluir at\u00e9 o inicio do ano letivo no pr\u00f3ximo m\u00eas de fevereiro todas as escolas, seja com a implanta\u00e7\u00e3o do ar condicionado e com a pintura de todos os pr\u00e9dios, afirmou a secret\u00e1ria Rhayanne. Temos um planejamento estrat\u00e9gico para beneficiar todos e para isso contamos com o trabalho do competente secret\u00e1rio Jos\u00e9 Marcelo Neves, de obras que n\u00e3o tem medido esfor\u00e7os com sua equipe para cumprir os prazos estimados, disse ela.<\/p>\n\n\n\n<p>A creche S\u00e3o Pedro tamb\u00e9m j\u00e1 esta recebendo a estrutura necess\u00e1ria para coloca\u00e7\u00e3o do sistema de ar condicionado. Estamos colocando forro de gesso nas salas de aula e nos locais onde ser\u00e3o implantados os ar condicionados, afirmou Jos\u00e9 Marcelo da SOPSUR. <\/p>\n\n\n\n<p>Estamos agilizando dentro do menor espa\u00e7o de tempo poss\u00edvel para que com o retorno das aulas todos j\u00e1 possam desfrutar de novos espa\u00e7os, com mais infraestrutura e maior comodidade, concluiu ele.<\/p>\n\n\n\n<p>Ainda de acordo com a secret\u00e1ria da Educa\u00e7\u00e3o Rhayanne Fernandes, nova licita\u00e7\u00e3o j\u00e1 esta em andamento para comprar de mais ar condicionado para as escolas que n\u00e3o foram contempladas inicialmente com este projeto, como \u00e9 o caso das escolas das comunidades de Campos, Ponta de Serra e Passagem. Todas as escolas municipais receber\u00e3o esse grande benef\u00edcio que ir\u00e1 melhorar na qualidade do ensino aprendizagem, pois, haver\u00e1 uma redu\u00e7\u00e3o no calor desses ambientes proporcionando aos alunos e professores um espa\u00e7o mais digno e confort\u00e1vel, concluiu ela.<br><\/p>\n\n\n\n<p>Fonte:\u00a0<strong>SEPLACOM<\/strong><\/p>\n\n\n\n<p>Foto:\u00a0<strong>MIGUEL FILHO<\/strong><\/p>\n","protected":false},"excerpt":{"rendered":"<p>A Prefeitura Municipal de Cara\u00fabas atrav\u00e9s da SE \u2013 Secretaria da Educa\u00e7\u00e3o e em parceria com a SOPSUR \u2013 Secretaria de Obras P\u00fablicas e Servi\u00e7os&hellip; <\/p>\n","protected":false},"author":2,"featured_media":147851,"comment_status":"closed","ping_status":"closed","sticky":false,"template":"","format":"standard","meta":{"sfsi_plus_gutenberg_text_before_share":"","sfsi_plus_gutenberg_show_text_before_share":"","sfsi_plus_gutenberg_icon_type":"","sfsi_plus_gutenberg_icon_alignemt":"","sfsi_plus_gutenburg_max_per_row":"","footnotes":""},"categories":[6],"tags":[],"class_list":["post-147846","post","type-post","status-publish","format-standard","has-post-thumbnail","hentry","category-cidades"],"_links":{"self":[{"href":"https:\/\/www.caririemacao.com\/1\/wp-json\/wp\/v2\/posts\/147846","targetHints":{"allow":["GET"]}}],"collection":[{"href":"https:\/\/www.caririemacao.com\/1\/wp-json\/wp\/v2\/posts"}],"about":[{"href":"https:\/\/www.caririemacao.com\/1\/wp-json\/wp\/v2\/types\/post"}],"author":[{"embeddable":true,"href":"https:\/\/www.caririemacao.com\/1\/wp-json\/wp\/v2\/users\/2"}],"replies":[{"embeddable":true,"href":"https:\/\/www.caririemacao.com\/1\/wp-json\/wp\/v2\/comments?post=147846"}],"version-history":[{"count":1,"href":"https:\/\/www.caririemacao.com\/1\/wp-json\/wp\/v2\/posts\/147846\/revisions"}],"predecessor-version":[{"id":147852,"href":"https:\/\/www.caririemacao.com\/1\/wp-json\/wp\/v2\/posts\/147846\/revisions\/147852"}],"wp:featuredmedia":[{"embeddable":true,"href":"https:\/\/www.caririemacao.com\/1\/wp-json\/wp\/v2\/media\/147851"}],"wp:attachment":[{"href":"https:\/\/www.caririemacao.com\/1\/wp-json\/wp\/v2\/media?parent=147846"}],"wp:term":[{"taxonomy":"category","embeddable":true,"href":"https:\/\/www.caririemacao.com\/1\/wp-json\/wp\/v2\/categories?post=147846"},{"taxonomy":"post_tag","embeddable":true,"href":"https:\/\/www.caririemacao.com\/1\/wp-json\/wp\/v2\/tags?post=147846"}],"curies":[{"name":"wp","href":"https:\/\/api.w.org\/{rel}","templated":true}]}}