{"id":147868,"date":"2020-01-21T08:28:33","date_gmt":"2020-01-21T11:28:33","guid":{"rendered":"http:\/\/www.caririemacao.com\/1\/?p=147868"},"modified":"2020-01-21T08:28:33","modified_gmt":"2020-01-21T11:28:33","slug":"operacao-calvario-tj-decidira-se-recurso-contra-procurador-sera-julgado-pelo-tre","status":"publish","type":"post","link":"https:\/\/www.caririemacao.com\/1\/2020\/01\/21\/operacao-calvario-tj-decidira-se-recurso-contra-procurador-sera-julgado-pelo-tre\/","title":{"rendered":"Opera\u00e7\u00e3o Calv\u00e1rio: TJ decidir\u00e1 se recurso contra procurador ser\u00e1 julgado pelo TRE"},"content":{"rendered":"\n<p>A C\u00e2mara Criminal do Tribunal de Justi\u00e7a da Para\u00edba julgar\u00e1, na sess\u00e3o da pr\u00f3xima quinta-feira (23), o recurso interposto pelo Minist\u00e9rio P\u00fablico estadual contra decis\u00e3o proferida pelo Ju\u00edzo da 5\u00aa Vara Criminal da Comarca da Capital, que declinou para a Justi\u00e7a Eleitoral da compet\u00eancia para julgar a den\u00fancia, que tem com uma das partes o ex-procurador-geral do Estado, Gilberto Carneiro da Gama.<\/p>\n\n\n\n<p>O relator do caso, que corre em segredo de Justi\u00e7a, \u00e9 o desembargador Arn\u00f3bio Alves Teod\u00f3sio.<\/p>\n\n\n\n<p>Em decis\u00e3o proferida no dia tr\u00eas de setembro de 2019, o juiz Giovanni Magalh\u00e3es Porto, da 5\u00aa Vara Criminal, decidiu pela incompet\u00eancia da Justi\u00e7a Comum, por entender que os fatos apontados na den\u00fancia configurariam, em tese, crime eleitoral previsto no artigo 350 do C\u00f3digo Eleitoral.<\/p>\n\n\n\n<p>\u2013 Caber\u00e1 \u00e0 Justi\u00e7a Eleitoral especializada, ap\u00f3s manifesta\u00e7\u00e3o do Minist\u00e9rio P\u00fablico Eleitoral, a aprecia\u00e7\u00e3o quanto ao recebimento da den\u00fancia e a retirada, ou n\u00e3o, do sigilo processual \u2013 diz um trecho do despacho.<\/p>\n\n\n\n<p>Inconformado, o Minist\u00e9rio P\u00fablico interp\u00f4s Recurso em Sentido Estrito com o objetivo de que fosse reformada a decis\u00e3o e, com isso, fixada a compet\u00eancia da Justi\u00e7a Comum Estadual em mat\u00e9ria criminal, afastando, assim, a compet\u00eancia da Justi\u00e7a Eleitoral.<\/p>\n\n\n\n<p>O recurso do MP aportou no Tribunal de Justi\u00e7a no dia dois de outubro de 2019. No dia 16 de dezembro, o relator, desembargador Arn\u00f3bio Alves Teod\u00f3sio, pediu dia para julgamento.<\/p>\n","protected":false},"excerpt":{"rendered":"<p>A C\u00e2mara Criminal do Tribunal de Justi\u00e7a da Para\u00edba julgar\u00e1, na sess\u00e3o da pr\u00f3xima quinta-feira (23), o recurso interposto pelo Minist\u00e9rio P\u00fablico estadual contra decis\u00e3o&hellip; <\/p>\n","protected":false},"author":2,"featured_media":147870,"comment_status":"closed","ping_status":"closed","sticky":false,"template":"","format":"standard","meta":{"sfsi_plus_gutenberg_text_before_share":"","sfsi_plus_gutenberg_show_text_before_share":"","sfsi_plus_gutenberg_icon_type":"","sfsi_plus_gutenberg_icon_alignemt":"","sfsi_plus_gutenburg_max_per_row":"","footnotes":""},"categories":[2],"tags":[],"class_list":["post-147868","post","type-post","status-publish","format-standard","has-post-thumbnail","hentry","category-geral"],"_links":{"self":[{"href":"https:\/\/www.caririemacao.com\/1\/wp-json\/wp\/v2\/posts\/147868","targetHints":{"allow":["GET"]}}],"collection":[{"href":"https:\/\/www.caririemacao.com\/1\/wp-json\/wp\/v2\/posts"}],"about":[{"href":"https:\/\/www.caririemacao.com\/1\/wp-json\/wp\/v2\/types\/post"}],"author":[{"embeddable":true,"href":"https:\/\/www.caririemacao.com\/1\/wp-json\/wp\/v2\/users\/2"}],"replies":[{"embeddable":true,"href":"https:\/\/www.caririemacao.com\/1\/wp-json\/wp\/v2\/comments?post=147868"}],"version-history":[{"count":1,"href":"https:\/\/www.caririemacao.com\/1\/wp-json\/wp\/v2\/posts\/147868\/revisions"}],"predecessor-version":[{"id":147871,"href":"https:\/\/www.caririemacao.com\/1\/wp-json\/wp\/v2\/posts\/147868\/revisions\/147871"}],"wp:featuredmedia":[{"embeddable":true,"href":"https:\/\/www.caririemacao.com\/1\/wp-json\/wp\/v2\/media\/147870"}],"wp:attachment":[{"href":"https:\/\/www.caririemacao.com\/1\/wp-json\/wp\/v2\/media?parent=147868"}],"wp:term":[{"taxonomy":"category","embeddable":true,"href":"https:\/\/www.caririemacao.com\/1\/wp-json\/wp\/v2\/categories?post=147868"},{"taxonomy":"post_tag","embeddable":true,"href":"https:\/\/www.caririemacao.com\/1\/wp-json\/wp\/v2\/tags?post=147868"}],"curies":[{"name":"wp","href":"https:\/\/api.w.org\/{rel}","templated":true}]}}