{"id":147874,"date":"2020-01-21T08:29:58","date_gmt":"2020-01-21T11:29:58","guid":{"rendered":"http:\/\/www.caririemacao.com\/1\/?p=147874"},"modified":"2020-01-21T08:29:58","modified_gmt":"2020-01-21T11:29:58","slug":"monteiro-recebe-primeiro-selo-de-adesao-estrategia-brasil-amigo-da-pessoa-idosa","status":"publish","type":"post","link":"https:\/\/www.caririemacao.com\/1\/2020\/01\/21\/monteiro-recebe-primeiro-selo-de-adesao-estrategia-brasil-amigo-da-pessoa-idosa\/","title":{"rendered":"Monteiro recebe primeiro Selo de Ades\u00e3o Estrat\u00e9gia Brasil Amigo da Pessoa Idosa"},"content":{"rendered":"\n<p>O primeiro selo que oficializa a Ades\u00e3o Estrat\u00e9gia Brasil Amigo da Pessoa Idosa, do Minist\u00e9rio do Desenvolvimento Social e Combate a Fome, foi recebido pela prefeita Anna Lorena. Monteiro \u00e9 uma das primeiras cidades do Cariri a aderir ao programa. Essa \u00e9 a primeira de cinco etapas e a partir de agora, o munic\u00edpio dever\u00e1 realizar uma s\u00e9rie de atividades, propostas pelo programa, para receber os demais selos.\u201cEste \u00e9 um trabalho que j\u00e1 temos realizado perante a popula\u00e7\u00e3o idosa do munic\u00edpio atrav\u00e9s de diversas a\u00e7\u00f5es em v\u00e1rias secretarias municipais. Continuaremos incans\u00e1veis para alcan\u00e7ar nossos objetivos, mas acima de tudo, fortalecer a agenda social de pol\u00edticas p\u00fablicas para a pessoa idosa\u201d, comentou a prefeita Anna Lorena.<strong>O Programa<\/strong><br>A Estrat\u00e9gia Brasil Amigo da Pessoa Idosa se configura como uma rota cont\u00ednua, ilimitada, direcionada ao alcance de melhorias para a sociedade, pressupondo avalia\u00e7\u00f5es com suas respectivas corre\u00e7\u00f5es de rumo e ajustes em projetos, a\u00e7\u00f5es, programas e iniciativas realizadas e em andamento.As a\u00e7\u00f5es a serem realizadas no \u00e2mbito da Estrat\u00e9gia Brasil Amigo da Pessoa Idosa ser\u00e3o de defesa de direitos, de prote\u00e7\u00e3o social, de oferta de oportunidades de aprendizagem, de participa\u00e7\u00e3o, de adapta\u00e7\u00e3o dos ambientes urbanos e rurais, como formas de reduzir as vulnerabilidades sobretudo da popula\u00e7\u00e3o idosa preferencial.<\/p>\n","protected":false},"excerpt":{"rendered":"<p>O primeiro selo que oficializa a Ades\u00e3o Estrat\u00e9gia Brasil Amigo da Pessoa Idosa, do Minist\u00e9rio do Desenvolvimento Social e Combate a Fome, foi recebido pela&hellip; <\/p>\n","protected":false},"author":2,"featured_media":147876,"comment_status":"closed","ping_status":"closed","sticky":false,"template":"","format":"standard","meta":{"sfsi_plus_gutenberg_text_before_share":"","sfsi_plus_gutenberg_show_text_before_share":"","sfsi_plus_gutenberg_icon_type":"","sfsi_plus_gutenberg_icon_alignemt":"","sfsi_plus_gutenburg_max_per_row":"","footnotes":""},"categories":[50,2],"tags":[],"class_list":["post-147874","post","type-post","status-publish","format-standard","has-post-thumbnail","hentry","category-destaque","category-geral"],"_links":{"self":[{"href":"https:\/\/www.caririemacao.com\/1\/wp-json\/wp\/v2\/posts\/147874","targetHints":{"allow":["GET"]}}],"collection":[{"href":"https:\/\/www.caririemacao.com\/1\/wp-json\/wp\/v2\/posts"}],"about":[{"href":"https:\/\/www.caririemacao.com\/1\/wp-json\/wp\/v2\/types\/post"}],"author":[{"embeddable":true,"href":"https:\/\/www.caririemacao.com\/1\/wp-json\/wp\/v2\/users\/2"}],"replies":[{"embeddable":true,"href":"https:\/\/www.caririemacao.com\/1\/wp-json\/wp\/v2\/comments?post=147874"}],"version-history":[{"count":1,"href":"https:\/\/www.caririemacao.com\/1\/wp-json\/wp\/v2\/posts\/147874\/revisions"}],"predecessor-version":[{"id":147877,"href":"https:\/\/www.caririemacao.com\/1\/wp-json\/wp\/v2\/posts\/147874\/revisions\/147877"}],"wp:featuredmedia":[{"embeddable":true,"href":"https:\/\/www.caririemacao.com\/1\/wp-json\/wp\/v2\/media\/147876"}],"wp:attachment":[{"href":"https:\/\/www.caririemacao.com\/1\/wp-json\/wp\/v2\/media?parent=147874"}],"wp:term":[{"taxonomy":"category","embeddable":true,"href":"https:\/\/www.caririemacao.com\/1\/wp-json\/wp\/v2\/categories?post=147874"},{"taxonomy":"post_tag","embeddable":true,"href":"https:\/\/www.caririemacao.com\/1\/wp-json\/wp\/v2\/tags?post=147874"}],"curies":[{"name":"wp","href":"https:\/\/api.w.org\/{rel}","templated":true}]}}