{"id":147887,"date":"2020-01-21T08:35:58","date_gmt":"2020-01-21T11:35:58","guid":{"rendered":"http:\/\/www.caririemacao.com\/1\/?p=147887"},"modified":"2020-01-21T08:35:58","modified_gmt":"2020-01-21T11:35:58","slug":"bolsa-familia-ira-beneficiar-500-mil-familias-na-pb","status":"publish","type":"post","link":"https:\/\/www.caririemacao.com\/1\/2020\/01\/21\/bolsa-familia-ira-beneficiar-500-mil-familias-na-pb\/","title":{"rendered":"Bolsa Fam\u00edlia ir\u00e1 beneficiar 500 mil fam\u00edlias na PB"},"content":{"rendered":"\n<p>O pagamento da parcela de janeiro do Bolsa Fam\u00edlia come\u00e7a nesta segunda-feira (20). O estado da Para\u00edba ir\u00e1 receber R$ 102,4 milh\u00f5es. No total, 501.847 fam\u00edlias ser\u00e3o beneficiadas. O valor m\u00e9dio do benef\u00edcio \u00e9 de R$ 204,21 centavos. A fam\u00edlia de Deuselhia dos Santos \u00e9 uma das benefici\u00e1rias. Com oito filhos, a mulher de 54 anos conta que o repasse \u00e9 fundamental para o sustento da casa. \u201cComo eu estou desempregada, esse dinheiro \u00e9 fundamental para comprar comida para a fam\u00edlia todo m\u00eas. \u00c9 sagrado\u201d, conta.<\/p>\n\n\n\n<p>O ministro da Cidadania, Osmar Terra, explica que a pasta trabalha para garantir o benef\u00edcio de quem realmente precisa. \u201cN\u00f3s seguimos fazendo o pente-fino no Programa, removendo quem n\u00e3o precisa do dinheiro. Assim, podemos garantir que fam\u00edlias realmente necessitadas tenham acesso ao benef\u00edcio\u201d, esclarece. Ainda segundo o ministro, o governo estuda melhorias no Programa. \u201cEstamos discutindo a possibilidade de mudar para melhor. N\u00e3o queremos tirar o benef\u00edcio de quem precisa, mas vamos estimular a gera\u00e7\u00e3o de emprego e renda, al\u00e9m de garantir educa\u00e7\u00e3o de qualidade para as crian\u00e7as. Afinal, essas s\u00e3o prioridades do nosso governo.\u201d<\/p>\n\n\n\n<p><strong>O Programa<\/strong><\/p>\n\n\n\n<p>O Bolsa Fam\u00edlia \u00e9 voltado para fam\u00edlias extremamente pobres, com renda per capita mensal de at\u00e9 R$ 85; e pobres, com renda per capita mensal entre R$ 85,01 e R$ 170 reais. Os benefici\u00e1rios recebem o dinheiro mensalmente e, em contrapartida, cumprem compromissos nas \u00e1reas de sa\u00fade e educa\u00e7\u00e3o.<\/p>\n\n\n\n<p><strong>Como participar<\/strong><\/p>\n\n\n\n<p>Para fazer parte do Programa, o respons\u00e1vel pela fam\u00edlia deve procurar um Centro de Refer\u00eancia de Assist\u00eancia Social (Cras) ou um posto de atendimento do Bolsa Fam\u00edlia no munic\u00edpio. \u00c9 necess\u00e1rio levar documentos de identifica\u00e7\u00e3o pessoal, como RG, carteira de identidade ou carteira de motorista e certid\u00e3o de nascimento de todas as pessoas que vivem na resid\u00eancia. Para mais informa\u00e7\u00f5es acesse o portal do Minist\u00e9rio da Cidadania.<\/p>\n\n\n\n<p><strong>MaisPB<\/strong><\/p>\n","protected":false},"excerpt":{"rendered":"<p>O pagamento da parcela de janeiro do Bolsa Fam\u00edlia come\u00e7a nesta segunda-feira (20). O estado da Para\u00edba ir\u00e1 receber R$ 102,4 milh\u00f5es. No total, 501.847&hellip; <\/p>\n","protected":false},"author":2,"featured_media":52971,"comment_status":"closed","ping_status":"closed","sticky":false,"template":"","format":"standard","meta":{"sfsi_plus_gutenberg_text_before_share":"","sfsi_plus_gutenberg_show_text_before_share":"","sfsi_plus_gutenberg_icon_type":"","sfsi_plus_gutenberg_icon_alignemt":"","sfsi_plus_gutenburg_max_per_row":"","footnotes":""},"categories":[6,50],"tags":[],"class_list":["post-147887","post","type-post","status-publish","format-standard","has-post-thumbnail","hentry","category-cidades","category-destaque"],"_links":{"self":[{"href":"https:\/\/www.caririemacao.com\/1\/wp-json\/wp\/v2\/posts\/147887","targetHints":{"allow":["GET"]}}],"collection":[{"href":"https:\/\/www.caririemacao.com\/1\/wp-json\/wp\/v2\/posts"}],"about":[{"href":"https:\/\/www.caririemacao.com\/1\/wp-json\/wp\/v2\/types\/post"}],"author":[{"embeddable":true,"href":"https:\/\/www.caririemacao.com\/1\/wp-json\/wp\/v2\/users\/2"}],"replies":[{"embeddable":true,"href":"https:\/\/www.caririemacao.com\/1\/wp-json\/wp\/v2\/comments?post=147887"}],"version-history":[{"count":1,"href":"https:\/\/www.caririemacao.com\/1\/wp-json\/wp\/v2\/posts\/147887\/revisions"}],"predecessor-version":[{"id":147890,"href":"https:\/\/www.caririemacao.com\/1\/wp-json\/wp\/v2\/posts\/147887\/revisions\/147890"}],"wp:featuredmedia":[{"embeddable":true,"href":"https:\/\/www.caririemacao.com\/1\/wp-json\/wp\/v2\/media\/52971"}],"wp:attachment":[{"href":"https:\/\/www.caririemacao.com\/1\/wp-json\/wp\/v2\/media?parent=147887"}],"wp:term":[{"taxonomy":"category","embeddable":true,"href":"https:\/\/www.caririemacao.com\/1\/wp-json\/wp\/v2\/categories?post=147887"},{"taxonomy":"post_tag","embeddable":true,"href":"https:\/\/www.caririemacao.com\/1\/wp-json\/wp\/v2\/tags?post=147887"}],"curies":[{"name":"wp","href":"https:\/\/api.w.org\/{rel}","templated":true}]}}